{"id":197545,"date":"2021-09-18T12:00:30","date_gmt":"2021-09-18T09:00:30","guid":{"rendered":"http:\/\/107.6.182.27\/es\/?p=197545"},"modified":"2023-01-10T15:13:46","modified_gmt":"2023-01-10T13:13:46","slug":"arranca-manana-en-damasco-la-feria-internacional-de-exportacion-para-industrias-del-cuero","status":"publish","type":"post","link":"https:\/\/archive.sana.sy\/es\/?p=197545","title":{"rendered":"Feria Internacional de Industrias del Cuero arranca este domingo en Damasco"},"content":{"rendered":"<p style=\"text-align: justify;\"><span style=\"color: #800000;\"><strong>Damasco, SANA<\/strong><\/span><\/p>\n<p style=\"text-align: justify;\">Comienza este domingo en la Ciudad Ferial de Damasco la Exposici\u00f3n Internacional de Exportaci\u00f3n para Industrias del Cuero y Requisitos de su Producci\u00f3n, en la cual participan m\u00e1s de 100 empresas sirias, \u00e1rabes y extranjeras.<\/p>\n<p style=\"text-align: justify;\">El evento est\u00e1 organizado por la Uni\u00f3n \u00c1rabe para Industrias del Cuero en cooperaci\u00f3n con la Federaci\u00f3n de C\u00e1maras de Industria y Comercio, y el Ministerio de Industria.<\/p>\n<p style=\"text-align: justify;\">La exposici\u00f3n recoge nuevos modelos y dise\u00f1os de los industriales, artesanos y productores de calzados, bolsos, chaquetas de cuero y otros productos.<\/p>\n<p style=\"text-align: justify;\">En una declaraci\u00f3n dirigida a SANA, el Secretario General de la Federaci\u00f3n \u00c1rabe de Industrias del Cuero y miembro de la Federaci\u00f3n de C\u00e1maras de Comercio de Siria, Muhammad Kazara, confirm\u00f3 que las industrias del cuero sirias atestiguaron un desarrollo notable y gozan de una buena reputaci\u00f3n en el mundo \u00e1rabe.<\/p>\n<p style=\"text-align: justify;\">Kazara indic\u00f3 que se invit\u00f3 a unos 400 empresarios de pa\u00edses como Iraq, Jordania, L\u00edbano, Palestina, Libia y Argelia, y se\u00f1al\u00f3 que al margen del evento se cerrar\u00e1n contratos de exportaci\u00f3n de productos de cuero sirios a los mercados extranjeros.<\/p>\n<p style=\"text-align: justify;\"><span style=\"color: #0000ff;\"><strong>sm\/rsh\/fm<\/strong><\/span><\/p>\n","protected":false},"excerpt":{"rendered":"<p>Damasco, SANA Comienza este domingo en la Ciudad Ferial de Damasco la Exposici\u00f3n Internacional de Exportaci\u00f3n para Industrias del Cuero y Requisitos de su Producci\u00f3n, en la cual participan m\u00e1s de 100 empresas sirias, \u00e1rabes y extranjeras. El evento est\u00e1 organizado por la Uni\u00f3n \u00c1rabe para Industrias del Cuero en cooperaci\u00f3n con la Federaci\u00f3n de &hellip;<\/p>\n","protected":false},"author":39,"featured_media":197546,"comment_status":"closed","ping_status":"closed","sticky":false,"template":"","format":"standard","meta":{"footnotes":""},"categories":[477,447,597,485,457,7541],"tags":[],"class_list":["post-197545","post","type-post","status-publish","format-standard","has-post-thumbnail","","category-noticias-edulcorantes","category-local-politica","category-cinta-de-noticias","category-informes-negocios-y-finanzas","category-noticias-arabe-internacional-politica","category-ultimas-noticias"],"_links":{"self":[{"href":"https:\/\/archive.sana.sy\/es\/index.php?rest_route=\/wp\/v2\/posts\/197545"}],"collection":[{"href":"https:\/\/archive.sana.sy\/es\/index.php?rest_route=\/wp\/v2\/posts"}],"about":[{"href":"https:\/\/archive.sana.sy\/es\/index.php?rest_route=\/wp\/v2\/types\/post"}],"author":[{"embeddable":true,"href":"https:\/\/archive.sana.sy\/es\/index.php?rest_route=\/wp\/v2\/users\/39"}],"replies":[{"embeddable":true,"href":"https:\/\/archive.sana.sy\/es\/index.php?rest_route=%2Fwp%2Fv2%2Fcomments&post=197545"}],"version-history":[{"count":0,"href":"https:\/\/archive.sana.sy\/es\/index.php?rest_route=\/wp\/v2\/posts\/197545\/revisions"}],"wp:featuredmedia":[{"embeddable":true,"href":"https:\/\/archive.sana.sy\/es\/index.php?rest_route=\/wp\/v2\/media\/197546"}],"wp:attachment":[{"href":"https:\/\/archive.sana.sy\/es\/index.php?rest_route=%2Fwp%2Fv2%2Fmedia&parent=197545"}],"wp:term":[{"taxonomy":"category","embeddable":true,"href":"https:\/\/archive.sana.sy\/es\/index.php?rest_route=%2Fwp%2Fv2%2Fcategories&post=197545"},{"taxonomy":"post_tag","embeddable":true,"href":"https:\/\/archive.sana.sy\/es\/index.php?rest_route=%2Fwp%2Fv2%2Ftags&post=197545"}],"curies":[{"name":"wp","href":"https:\/\/api.w.org\/{rel}","templated":true}]}}