{"id":197548,"date":"2021-09-18T12:30:02","date_gmt":"2021-09-18T09:30:02","guid":{"rendered":"http:\/\/107.6.182.27\/es\/?p=197548"},"modified":"2023-01-10T14:26:16","modified_gmt":"2023-01-10T12:26:16","slug":"jovenes-del-pais-participan-en-prueba-de-calificacion-para-maraton-de-programacion","status":"publish","type":"post","link":"https:\/\/archive.sana.sy\/es\/?p=197548","title":{"rendered":"J\u00f3venes del pa\u00eds participan en prueba de calificaci\u00f3n para marat\u00f3n de programaci\u00f3n"},"content":{"rendered":"<p style=\"text-align: justify;\"><span style=\"color: #800000;\"><strong>Damasco, SANA<\/strong><\/span><\/p>\n<p style=\"text-align: justify;\">M\u00e1s de 1000 j\u00f3venes sirios de diferentes provincias del pa\u00eds se presentaron a la prueba de calificaci\u00f3n para el Marat\u00f3n de Programaci\u00f3n para J\u00f3venes y Adolescentes &#8211; 2021, organizado por la Universidad Virtual Siria y el Comit\u00e9 de Excelencia y Creatividad.<\/p>\n<p style=\"text-align: justify;\">La prueba se llev\u00f3 a cabo durante cuatro horas dentro de los centros universitarios virtuales homologados en las provincias y a trav\u00e9s de su sistema de ex\u00e1menes.<\/p>\n<p style=\"text-align: justify;\">La directora del \u201cCentro de Aprendizaje Permanente\u201d de la Universidad Virtual, Saya Goyel, inform\u00f3 a SANA, que el examen se realiz\u00f3 por dos fases, una que ha sido para la categor\u00eda de adolescentes de \u201c12 a 15 a\u00f1os\u201d, y la otra fue para la categor\u00eda de \u201c8 a 11 a\u00f1os\u201d.<\/p>\n<p style=\"text-align: justify;\">Goyel indic\u00f3 que la prueba tiene como objetivo evaluar las habilidades adquiridas por los participantes durante la fase de formaci\u00f3n en preparaci\u00f3n para la \u00faltima fase, y destac\u00f3 la importancia de elevar los niveles cient\u00edficos generales y mejorar el an\u00e1lisis l\u00f3gico y las habilidades de pensamiento creativo entre los j\u00f3venes y adultos.<\/p>\n<p style=\"text-align: justify;\"><span style=\"color: #0000ff;\"><strong>sm\/rsh<\/strong><\/span><\/p>\n","protected":false},"excerpt":{"rendered":"<p>Damasco, SANA M\u00e1s de 1000 j\u00f3venes sirios de diferentes provincias del pa\u00eds se presentaron a la prueba de calificaci\u00f3n para el Marat\u00f3n de Programaci\u00f3n para J\u00f3venes y Adolescentes &#8211; 2021, organizado por la Universidad Virtual Siria y el Comit\u00e9 de Excelencia y Creatividad. La prueba se llev\u00f3 a cabo durante cuatro horas dentro de los &hellip;<\/p>\n","protected":false},"author":39,"featured_media":197549,"comment_status":"closed","ping_status":"closed","sticky":false,"template":"","format":"standard","meta":{"footnotes":""},"categories":[477,447,597,476,7541],"tags":[],"class_list":["post-197548","post","type-post","status-publish","format-standard","has-post-thumbnail","","category-noticias-edulcorantes","category-local-politica","category-cinta-de-noticias","category-locales","category-ultimas-noticias"],"_links":{"self":[{"href":"https:\/\/archive.sana.sy\/es\/index.php?rest_route=\/wp\/v2\/posts\/197548"}],"collection":[{"href":"https:\/\/archive.sana.sy\/es\/index.php?rest_route=\/wp\/v2\/posts"}],"about":[{"href":"https:\/\/archive.sana.sy\/es\/index.php?rest_route=\/wp\/v2\/types\/post"}],"author":[{"embeddable":true,"href":"https:\/\/archive.sana.sy\/es\/index.php?rest_route=\/wp\/v2\/users\/39"}],"replies":[{"embeddable":true,"href":"https:\/\/archive.sana.sy\/es\/index.php?rest_route=%2Fwp%2Fv2%2Fcomments&post=197548"}],"version-history":[{"count":0,"href":"https:\/\/archive.sana.sy\/es\/index.php?rest_route=\/wp\/v2\/posts\/197548\/revisions"}],"wp:featuredmedia":[{"embeddable":true,"href":"https:\/\/archive.sana.sy\/es\/index.php?rest_route=\/wp\/v2\/media\/197549"}],"wp:attachment":[{"href":"https:\/\/archive.sana.sy\/es\/index.php?rest_route=%2Fwp%2Fv2%2Fmedia&parent=197548"}],"wp:term":[{"taxonomy":"category","embeddable":true,"href":"https:\/\/archive.sana.sy\/es\/index.php?rest_route=%2Fwp%2Fv2%2Fcategories&post=197548"},{"taxonomy":"post_tag","embeddable":true,"href":"https:\/\/archive.sana.sy\/es\/index.php?rest_route=%2Fwp%2Fv2%2Ftags&post=197548"}],"curies":[{"name":"wp","href":"https:\/\/api.w.org\/{rel}","templated":true}]}}