{"id":197561,"date":"2021-09-18T16:56:41","date_gmt":"2021-09-18T13:56:41","guid":{"rendered":"http:\/\/107.6.182.27\/es\/?p=197561"},"modified":"2023-01-10T14:26:16","modified_gmt":"2023-01-10T12:26:16","slug":"electricidad-vuelve-a-todas-las-provincias-tras-superar-secuelas-del-sabotaje-contra-gasoducto","status":"publish","type":"post","link":"https:\/\/archive.sana.sy\/es\/?p=197561","title":{"rendered":"Electricidad vuelve a todas las provincias tras superar secuelas del sabotaje contra gasoducto"},"content":{"rendered":"<p style=\"text-align: justify;\"><span style=\"color: #800000;\"><strong>Damasco, SANA<\/strong><\/span><\/p>\n<p style=\"text-align: justify;\">El ministro de Electricidad, Ghassan al-Zamil, anunci\u00f3 el restablecimiento de la electricidad en todas las provincias del pa\u00eds despu\u00e9s de que la Central El\u00e9ctrica de Deir Ali, hab\u00eda salido de servicio como resultado de un ataque contra el gasoducto que la alimenta.<\/p>\n<p style=\"text-align: justify;\">En una declaraci\u00f3n a SANA, el ministro aclar\u00f3 que el servicio el\u00e9ctrico se restableci\u00f3 media hora despu\u00e9s del ataque, y las centrales de la regi\u00f3n norte volvieron a operar.<\/p>\n<p style=\"text-align: justify;\">El titular explic\u00f3 que el ataque se perpetr\u00f3 mediante una carga explosiva que apunt\u00f3 contra el gasoducto que alimenta las plantas de Tishreen y Deir Ali, adem\u00e1s de dos torres de la l\u00ednea de 400 kilovoltios que une a ambas instalaciones.<\/p>\n<p style=\"text-align: justify;\">Indic\u00f3 que los equipos t\u00e9cnicos comenzaron desde la madrugada de hoy a reparar las torres da\u00f1adas y el gasoducto saboteado.<\/p>\n<p style=\"text-align: justify;\"><span style=\"color: #0000ff;\"><strong>fm\/sm<\/strong><\/span><\/p>\n","protected":false},"excerpt":{"rendered":"<p>Damasco, SANA El ministro de Electricidad, Ghassan al-Zamil, anunci\u00f3 el restablecimiento de la electricidad en todas las provincias del pa\u00eds despu\u00e9s de que la Central El\u00e9ctrica de Deir Ali, hab\u00eda salido de servicio como resultado de un ataque contra el gasoducto que la alimenta. En una declaraci\u00f3n a SANA, el ministro aclar\u00f3 que el servicio &hellip;<\/p>\n","protected":false},"author":39,"featured_media":197562,"comment_status":"closed","ping_status":"closed","sticky":false,"template":"","format":"standard","meta":{"footnotes":""},"categories":[447,597,476,457,7541],"tags":[],"class_list":["post-197561","post","type-post","status-publish","format-standard","has-post-thumbnail","","category-local-politica","category-cinta-de-noticias","category-locales","category-noticias-arabe-internacional-politica","category-ultimas-noticias"],"_links":{"self":[{"href":"https:\/\/archive.sana.sy\/es\/index.php?rest_route=\/wp\/v2\/posts\/197561"}],"collection":[{"href":"https:\/\/archive.sana.sy\/es\/index.php?rest_route=\/wp\/v2\/posts"}],"about":[{"href":"https:\/\/archive.sana.sy\/es\/index.php?rest_route=\/wp\/v2\/types\/post"}],"author":[{"embeddable":true,"href":"https:\/\/archive.sana.sy\/es\/index.php?rest_route=\/wp\/v2\/users\/39"}],"replies":[{"embeddable":true,"href":"https:\/\/archive.sana.sy\/es\/index.php?rest_route=%2Fwp%2Fv2%2Fcomments&post=197561"}],"version-history":[{"count":0,"href":"https:\/\/archive.sana.sy\/es\/index.php?rest_route=\/wp\/v2\/posts\/197561\/revisions"}],"wp:featuredmedia":[{"embeddable":true,"href":"https:\/\/archive.sana.sy\/es\/index.php?rest_route=\/wp\/v2\/media\/197562"}],"wp:attachment":[{"href":"https:\/\/archive.sana.sy\/es\/index.php?rest_route=%2Fwp%2Fv2%2Fmedia&parent=197561"}],"wp:term":[{"taxonomy":"category","embeddable":true,"href":"https:\/\/archive.sana.sy\/es\/index.php?rest_route=%2Fwp%2Fv2%2Fcategories&post=197561"},{"taxonomy":"post_tag","embeddable":true,"href":"https:\/\/archive.sana.sy\/es\/index.php?rest_route=%2Fwp%2Fv2%2Ftags&post=197561"}],"curies":[{"name":"wp","href":"https:\/\/api.w.org\/{rel}","templated":true}]}}