{"id":197587,"date":"2021-09-18T17:16:04","date_gmt":"2021-09-18T14:16:04","guid":{"rendered":"http:\/\/107.6.182.27\/es\/?p=197587"},"modified":"2023-01-10T14:26:15","modified_gmt":"2023-01-10T12:26:15","slug":"los-norteamericanos-crearon-el-daesh-y-apoyaron-su-terrorismo-en-irak-y-siria-afirma-presidente-irani","status":"publish","type":"post","link":"https:\/\/archive.sana.sy\/es\/?p=197587","title":{"rendered":"Los norteamericanos crearon el Daesh y apoyaron su terrorismo en Irak y Siria, afirma presidente iran\u00ed"},"content":{"rendered":"<p style=\"text-align: justify;\"><span style=\"color: #800000;\"><strong>Teher\u00e1n, SANA<\/strong><\/span><\/p>\n<p style=\"text-align: justify;\">El presidente iran\u00ed, Ibrahim Raisi, afirm\u00f3 que la presencia terrorista en Afganist\u00e1n constituye un peligro para toda la regi\u00f3n.<\/p>\n<p style=\"text-align: justify;\">La agencia de noticias IRNA cit\u00f3 a Raisi diciendo en una conferencia de prensa junto con su hom\u00f3logo tayiko que \u201clos norteamericanos son quienes crearon la organizaci\u00f3n Daesh y respaldaron sus actos en Irak y Siria y aho9ra quer\u00edan que se estableciera en Afganist\u00e1n\u201d.<\/p>\n<p style=\"text-align: justify;\">Hablando de otro aspecto, Raisi se\u00f1al\u00f3 que \u201cel gobierno que se forme en Afganist\u00e1n debe ser amplio y abarcador de todas las etnias y partidos pol\u00edticos, y por consiguiente representativo del pueblo afgano\u201d.<\/p>\n<p style=\"text-align: justify;\">\u201cIr\u00e1n y Tayekist\u00e1n consideran que la intervenci\u00f3n extranjera es la causa de las tragedias en Afganist\u00e1n y por tanto debe cesar la injerencia de partes extranjeras en sus asuntos porque estos no lograr\u00e1n la seguridad y la estabilidad.<\/p>\n<p style=\"text-align: justify;\"><strong><span style=\"color: #0000ff;\">sm\/fm<\/span><\/strong><\/p>\n","protected":false},"excerpt":{"rendered":"<p>Teher\u00e1n, SANA El presidente iran\u00ed, Ibrahim Raisi, afirm\u00f3 que la presencia terrorista en Afganist\u00e1n constituye un peligro para toda la regi\u00f3n. La agencia de noticias IRNA cit\u00f3 a Raisi diciendo en una conferencia de prensa junto con su hom\u00f3logo tayiko que \u201clos norteamericanos son quienes crearon la organizaci\u00f3n Daesh y respaldaron sus actos en Irak &hellip;<\/p>\n","protected":false},"author":39,"featured_media":197589,"comment_status":"closed","ping_status":"closed","sticky":false,"template":"","format":"standard","meta":{"footnotes":""},"categories":[447,597,467,7541],"tags":[],"class_list":["post-197587","post","type-post","status-publish","format-standard","has-post-thumbnail","","category-local-politica","category-cinta-de-noticias","category-siria-y-el-mundo","category-ultimas-noticias"],"_links":{"self":[{"href":"https:\/\/archive.sana.sy\/es\/index.php?rest_route=\/wp\/v2\/posts\/197587"}],"collection":[{"href":"https:\/\/archive.sana.sy\/es\/index.php?rest_route=\/wp\/v2\/posts"}],"about":[{"href":"https:\/\/archive.sana.sy\/es\/index.php?rest_route=\/wp\/v2\/types\/post"}],"author":[{"embeddable":true,"href":"https:\/\/archive.sana.sy\/es\/index.php?rest_route=\/wp\/v2\/users\/39"}],"replies":[{"embeddable":true,"href":"https:\/\/archive.sana.sy\/es\/index.php?rest_route=%2Fwp%2Fv2%2Fcomments&post=197587"}],"version-history":[{"count":0,"href":"https:\/\/archive.sana.sy\/es\/index.php?rest_route=\/wp\/v2\/posts\/197587\/revisions"}],"wp:featuredmedia":[{"embeddable":true,"href":"https:\/\/archive.sana.sy\/es\/index.php?rest_route=\/wp\/v2\/media\/197589"}],"wp:attachment":[{"href":"https:\/\/archive.sana.sy\/es\/index.php?rest_route=%2Fwp%2Fv2%2Fmedia&parent=197587"}],"wp:term":[{"taxonomy":"category","embeddable":true,"href":"https:\/\/archive.sana.sy\/es\/index.php?rest_route=%2Fwp%2Fv2%2Fcategories&post=197587"},{"taxonomy":"post_tag","embeddable":true,"href":"https:\/\/archive.sana.sy\/es\/index.php?rest_route=%2Fwp%2Fv2%2Ftags&post=197587"}],"curies":[{"name":"wp","href":"https:\/\/api.w.org\/{rel}","templated":true}]}}