{"id":19761,"date":"2015-03-19T12:52:21","date_gmt":"2015-03-19T10:52:21","guid":{"rendered":"http:\/\/www.sana.sy\/es\/?p=19761"},"modified":"2015-03-19T12:52:21","modified_gmt":"2015-03-19T10:52:21","slug":"40-senadores-exigen-a-obama-reconocer-el-genocidio-armenio-a-manos-del-imperio-otomano","status":"publish","type":"post","link":"https:\/\/archive.sana.sy\/es\/?p=19761","title":{"rendered":"40 senadores exigen a Obama reconocer el Genocidio Armenio a manos del Imperio Otomano"},"content":{"rendered":"<div><span style=\"color: #ff0000\">Washington, SANA<\/span><\/div>\n<div><span lang=\"ES-TRAD\">\u00a0<\/span><\/div>\n<div><span lang=\"ES-TRAD\">M\u00e1s de 40 miembros de la C\u00e1mara de Representantes de EE.UU. presentaron una propuesta de resoluci\u00f3n que pide al presidente Barack Obama reconocer las matanzas cometidas contra los armenios bajo el Imperio Otomano.<\/span><\/div>\n<div><span lang=\"ES-TRAD\">\u00a0<\/span><\/div>\n<div><span lang=\"ES-TRAD\">La propuesta de resoluci\u00f3n presentada por diputados de los partidos, Republicano y Dem\u00f3crata, demandaron a Obama que ayude a mejorar las relaciones entre Turqu\u00eda y Armenia, sobre la base del pleno reconocimiento de las autoridades turcas a los hechos y a las actuales repercusiones del Genocidio Armenio.<\/span><\/div>\n<div><span lang=\"ES-TRAD\">\u00a0<\/span><\/div>\n<div><span lang=\"ES-TRAD\">Es de destacar que los otomanos cometieron cr\u00edmenes brutales contra el pueblo armenio a finales del siglo XIX y principios del siglo XX.<\/span><\/div>\n<div><span lang=\"ES-TRAD\">\u00a0<\/span><\/div>\n<div><span lang=\"ES-TRAD\">Armenia conmemora el centenario del genocidio armenio cometido el d\u00eda 24 de 1915 cuando miles de armenios fueron masacrados por los otomanos en Estambul.<\/span><\/div>\n<div><\/div>\n<div><span style=\"color: #00ccff\">Fady M., Hala B.<\/span><\/div>\n<div class=\"yj6qo ajU\">\n<div id=\":12d\" class=\"ajR\"><img decoding=\"async\" class=\"ajT\" src=\"https:\/\/ssl.gstatic.com\/ui\/v1\/icons\/mail\/images\/cleardot.gif\" alt=\"\" \/><\/div>\n<\/div>\n","protected":false},"excerpt":{"rendered":"<p>Washington, SANA \u00a0 M\u00e1s de 40 miembros de la C\u00e1mara de Representantes de EE.UU. presentaron una propuesta de resoluci\u00f3n que pide al presidente Barack Obama reconocer las matanzas cometidas contra los armenios bajo el Imperio Otomano. \u00a0 La propuesta de resoluci\u00f3n presentada por diputados de los partidos, Republicano y Dem\u00f3crata, demandaron a Obama que ayude &hellip;<\/p>\n","protected":false},"author":1,"featured_media":19762,"comment_status":"closed","ping_status":"closed","sticky":false,"template":"","format":"standard","meta":{"footnotes":""},"categories":[477,456,576],"tags":[4477],"class_list":["post-19761","post","type-post","status-publish","format-standard","has-post-thumbnail","","category-noticias-edulcorantes","category-arabe-internacional-politica","category-noticias-politicas","tag-40-senadores-exigen-a-obama-reconocer-el-genocidio-armenio-a-manos-del-imperio-otomano"],"_links":{"self":[{"href":"https:\/\/archive.sana.sy\/es\/index.php?rest_route=\/wp\/v2\/posts\/19761"}],"collection":[{"href":"https:\/\/archive.sana.sy\/es\/index.php?rest_route=\/wp\/v2\/posts"}],"about":[{"href":"https:\/\/archive.sana.sy\/es\/index.php?rest_route=\/wp\/v2\/types\/post"}],"author":[{"embeddable":true,"href":"https:\/\/archive.sana.sy\/es\/index.php?rest_route=\/wp\/v2\/users\/1"}],"replies":[{"embeddable":true,"href":"https:\/\/archive.sana.sy\/es\/index.php?rest_route=%2Fwp%2Fv2%2Fcomments&post=19761"}],"version-history":[{"count":0,"href":"https:\/\/archive.sana.sy\/es\/index.php?rest_route=\/wp\/v2\/posts\/19761\/revisions"}],"wp:featuredmedia":[{"embeddable":true,"href":"https:\/\/archive.sana.sy\/es\/index.php?rest_route=\/wp\/v2\/media\/19762"}],"wp:attachment":[{"href":"https:\/\/archive.sana.sy\/es\/index.php?rest_route=%2Fwp%2Fv2%2Fmedia&parent=19761"}],"wp:term":[{"taxonomy":"category","embeddable":true,"href":"https:\/\/archive.sana.sy\/es\/index.php?rest_route=%2Fwp%2Fv2%2Fcategories&post=19761"},{"taxonomy":"post_tag","embeddable":true,"href":"https:\/\/archive.sana.sy\/es\/index.php?rest_route=%2Fwp%2Fv2%2Ftags&post=19761"}],"curies":[{"name":"wp","href":"https:\/\/api.w.org\/{rel}","templated":true}]}}