{"id":197706,"date":"2021-09-19T18:57:37","date_gmt":"2021-09-19T15:57:37","guid":{"rendered":"http:\/\/107.6.182.27\/es\/?p=197706"},"modified":"2021-09-19T21:14:34","modified_gmt":"2021-09-19T18:14:34","slug":"presidente-al-assad-decreta-una-dadiva-financiera-para-los-heridos-de-guerra","status":"publish","type":"post","link":"https:\/\/archive.sana.sy\/es\/?p=197706","title":{"rendered":"Decreto presidencial concede retribuci\u00f3n financiera a m\u00e1s de 20 mil militares heridos"},"content":{"rendered":"<p style=\"text-align: justify;\"><span style=\"color: #800000;\"><strong>Damasco, SANA<\/strong><\/span><\/p>\n<p style=\"text-align: justify;\">El presidente Bashar al-Assad, decret\u00f3 destinar una retribuci\u00f3n financiera para los heridos durante las operaciones b\u00e9licas de las fuerzas del Ej\u00e9rcito, las Fuerzas de Seguridad Interna y de Defensa Popular quienes padecen de un d\u00e9ficit f\u00edsico de 40% a 100%.<\/p>\n<p style=\"text-align: justify;\">El Comit\u00e9 Conjunto del proyecto \u201cHerido de la Patria\u201d decidi\u00f3 cuantificar la retribuci\u00f3n en 200 mil libras para los lesionados de 70% a 100% de incapacidad, y en 150 mil libras para lesionados con d\u00e9ficit f\u00edsico de 40% a 69%.<\/p>\n<p style=\"text-align: justify;\">La subvenci\u00f3n se entregar\u00e1 por una sola vez y se desembolsar\u00e1 al Fondo de M\u00e1rtires y Heridos.<\/p>\n<p style=\"text-align: justify;\">Esta retribuci\u00f3n beneficiar\u00e1 a unos 20 mil lesionados en las operaciones b\u00e9licas que est\u00e1n parcial o totalmente incapacitados.<\/p>\n<p style=\"text-align: justify;\"><span style=\"color: #0000ff;\"><strong>rsh\/fm\/ah<\/strong><\/span><\/p>\n","protected":false},"excerpt":{"rendered":"<p>Damasco, SANA El presidente Bashar al-Assad, decret\u00f3 destinar una retribuci\u00f3n financiera para los heridos durante las operaciones b\u00e9licas de las fuerzas del Ej\u00e9rcito, las Fuerzas de Seguridad Interna y de Defensa Popular quienes padecen de un d\u00e9ficit f\u00edsico de 40% a 100%. El Comit\u00e9 Conjunto del proyecto \u201cHerido de la Patria\u201d decidi\u00f3 cuantificar la retribuci\u00f3n &hellip;<\/p>\n","protected":false},"author":30,"featured_media":197707,"comment_status":"closed","ping_status":"closed","sticky":false,"template":"","format":"standard","meta":{"footnotes":""},"categories":[597,476,16237,583],"tags":[19516],"class_list":["post-197706","post","type-post","status-publish","format-standard","has-post-thumbnail","","category-cinta-de-noticias","category-locales","category-presidence-de-la-republique-arabe-syria","category-slide","tag-decreto-presidencial-concede-retribucion-financiera-a-mas-de-20-mil-militares-heridos"],"_links":{"self":[{"href":"https:\/\/archive.sana.sy\/es\/index.php?rest_route=\/wp\/v2\/posts\/197706"}],"collection":[{"href":"https:\/\/archive.sana.sy\/es\/index.php?rest_route=\/wp\/v2\/posts"}],"about":[{"href":"https:\/\/archive.sana.sy\/es\/index.php?rest_route=\/wp\/v2\/types\/post"}],"author":[{"embeddable":true,"href":"https:\/\/archive.sana.sy\/es\/index.php?rest_route=\/wp\/v2\/users\/30"}],"replies":[{"embeddable":true,"href":"https:\/\/archive.sana.sy\/es\/index.php?rest_route=%2Fwp%2Fv2%2Fcomments&post=197706"}],"version-history":[{"count":0,"href":"https:\/\/archive.sana.sy\/es\/index.php?rest_route=\/wp\/v2\/posts\/197706\/revisions"}],"wp:featuredmedia":[{"embeddable":true,"href":"https:\/\/archive.sana.sy\/es\/index.php?rest_route=\/wp\/v2\/media\/197707"}],"wp:attachment":[{"href":"https:\/\/archive.sana.sy\/es\/index.php?rest_route=%2Fwp%2Fv2%2Fmedia&parent=197706"}],"wp:term":[{"taxonomy":"category","embeddable":true,"href":"https:\/\/archive.sana.sy\/es\/index.php?rest_route=%2Fwp%2Fv2%2Fcategories&post=197706"},{"taxonomy":"post_tag","embeddable":true,"href":"https:\/\/archive.sana.sy\/es\/index.php?rest_route=%2Fwp%2Fv2%2Ftags&post=197706"}],"curies":[{"name":"wp","href":"https:\/\/api.w.org\/{rel}","templated":true}]}}