{"id":197713,"date":"2021-09-19T20:57:48","date_gmt":"2021-09-19T17:57:48","guid":{"rendered":"http:\/\/107.6.182.27\/es\/?p=197713"},"modified":"2021-09-19T21:01:51","modified_gmt":"2021-09-19T18:01:51","slug":"ministro-de-defensa-de-siria-realiza-visita-oficial-a-jordania-invitado-por-el-jefe-de-estado-mayor-del-reino-hachemita","status":"publish","type":"post","link":"https:\/\/archive.sana.sy\/es\/?p=197713","title":{"rendered":"Ministro de Defensa de Siria realiza visita oficial a Jordania invitado por el Jefe de Estado Mayor del Reino Hachemita"},"content":{"rendered":"<p style=\"text-align: justify;\"><span style=\"color: #800000;\"><strong>Amm\u00e1n, SANA<\/strong><\/span><\/p>\n<p style=\"text-align: justify;\">Respondiendo a una invitaci\u00f3n del Jefe del Estado Mayor Conjunto de las Fuerzas Armadas de Jordania, el teniente general Yusuf al-Haniti, el subcomandante del Ej\u00e9rcito y las Fuerzas Armadas, Viceprimer Ministro y Ministro de Defensa, el teniente general Ali Abdul\u00e1 Ayoub, realiza una visita oficial a Jordania.<\/p>\n<p style=\"text-align: justify;\">Las dos partes sostuvieron una reuni\u00f3n durante la cual repasaron las relaciones de cooperaci\u00f3n entre los ej\u00e9rcitos de los dos pa\u00edses hermanos y las perspectivas de desarrollar esa cooperaci\u00f3n.<\/p>\n<p style=\"text-align: justify;\">Asimismo, destacaron la importancia de la coordinaci\u00f3n en temas de inter\u00e9s com\u00fan, particularmente la lucha antiterrorista y el control de fronteras.<\/p>\n<p style=\"text-align: justify;\">Altos oficiales del Comando General de las Fuerzas Armadas acompa\u00f1an al general Ayoub en su visita.<\/p>\n<p style=\"text-align: justify;\"><span style=\"color: #0000ff;\"><strong>ah\/fm<\/strong><\/span><\/p>\n","protected":false},"excerpt":{"rendered":"<p>Amm\u00e1n, SANA Respondiendo a una invitaci\u00f3n del Jefe del Estado Mayor Conjunto de las Fuerzas Armadas de Jordania, el teniente general Yusuf al-Haniti, el subcomandante del Ej\u00e9rcito y las Fuerzas Armadas, Viceprimer Ministro y Ministro de Defensa, el teniente general Ali Abdul\u00e1 Ayoub, realiza una visita oficial a Jordania. Las dos partes sostuvieron una reuni\u00f3n &hellip;<\/p>\n","protected":false},"author":30,"featured_media":197714,"comment_status":"closed","ping_status":"closed","sticky":false,"template":"","format":"standard","meta":{"footnotes":""},"categories":[597,467,7541],"tags":[19514],"class_list":["post-197713","post","type-post","status-publish","format-standard","has-post-thumbnail","","category-cinta-de-noticias","category-siria-y-el-mundo","category-ultimas-noticias","tag-ministro-de-defensa-de-siria-realiza-visita-oficial-a-jordania-invitado-por-el-jefe-de-estado-mayor-del-reino-hachemita"],"_links":{"self":[{"href":"https:\/\/archive.sana.sy\/es\/index.php?rest_route=\/wp\/v2\/posts\/197713"}],"collection":[{"href":"https:\/\/archive.sana.sy\/es\/index.php?rest_route=\/wp\/v2\/posts"}],"about":[{"href":"https:\/\/archive.sana.sy\/es\/index.php?rest_route=\/wp\/v2\/types\/post"}],"author":[{"embeddable":true,"href":"https:\/\/archive.sana.sy\/es\/index.php?rest_route=\/wp\/v2\/users\/30"}],"replies":[{"embeddable":true,"href":"https:\/\/archive.sana.sy\/es\/index.php?rest_route=%2Fwp%2Fv2%2Fcomments&post=197713"}],"version-history":[{"count":0,"href":"https:\/\/archive.sana.sy\/es\/index.php?rest_route=\/wp\/v2\/posts\/197713\/revisions"}],"wp:featuredmedia":[{"embeddable":true,"href":"https:\/\/archive.sana.sy\/es\/index.php?rest_route=\/wp\/v2\/media\/197714"}],"wp:attachment":[{"href":"https:\/\/archive.sana.sy\/es\/index.php?rest_route=%2Fwp%2Fv2%2Fmedia&parent=197713"}],"wp:term":[{"taxonomy":"category","embeddable":true,"href":"https:\/\/archive.sana.sy\/es\/index.php?rest_route=%2Fwp%2Fv2%2Fcategories&post=197713"},{"taxonomy":"post_tag","embeddable":true,"href":"https:\/\/archive.sana.sy\/es\/index.php?rest_route=%2Fwp%2Fv2%2Ftags&post=197713"}],"curies":[{"name":"wp","href":"https:\/\/api.w.org\/{rel}","templated":true}]}}