{"id":19777,"date":"2015-03-19T14:22:16","date_gmt":"2015-03-19T12:22:16","guid":{"rendered":"http:\/\/www.sana.sy\/es\/?p=19777"},"modified":"2015-03-19T14:22:16","modified_gmt":"2015-03-19T12:22:16","slug":"cs-condena-el-ataque-terrorista-contra-un-museo-en-tunez","status":"publish","type":"post","link":"https:\/\/archive.sana.sy\/es\/?p=19777","title":{"rendered":"CS condena el ataque terrorista contra un museo en T\u00fanez"},"content":{"rendered":"<div><span style=\"color: #ff0000\">Nueva York, SANA<\/span><\/div>\n<div><span lang=\"ES-TRAD\">\u00a0<\/span><\/div>\n<div><span lang=\"ES-TRAD\">El Consejo de Seguridad de la ONU conden\u00f3 por unanimidad el ataque terrorista perpetrado por hombres armados contra \u00a0el Museo del Bardo en T\u00fanez, y en el que 19 personas perdieron la vida, entre ellos 17 turistas extranjeros.<\/span><\/div>\n<div><span lang=\"ES-TRAD\">\u00a0<\/span><\/div>\n<div><span lang=\"ES-TRAD\">En un comunicado, los 15 Estados miembros del Consejo ofrecieron sus condolencias a las familias de las v\u00edctimas de este acto atroz y al gobierno de T\u00fanez, y tambi\u00e9n al resto de los gobiernos cuyos ciudadanos fueron asesinados en este ataque.<\/span><\/div>\n<div><span lang=\"ES-TRAD\">\u00a0<\/span><\/div>\n<div><span lang=\"ES-TRAD\">La declaraci\u00f3n hizo hincapi\u00e9 en la necesidad de llevar a los autores de estos actos terroristas y de sus financieros a la justicia, instando a &#8220;todos los Estados a cooperar activamente con las autoridades tunecinas para este fin.<\/span><\/div>\n<div><span lang=\"ES-TRAD\">\u00a0<\/span><\/div>\n<div><span lang=\"ES-TRAD\">Cabe resaltar que el Secretario General de las Naciones Unidas, Ban Ki-moon, hab\u00eda condenado el ataque y expres\u00f3 su solidaridad con T\u00fanez.<\/span><\/div>\n<div><\/div>\n<div><span style=\"color: #00ccff\">Fady M., Hala B.<\/span><\/div>\n<div class=\"yj6qo ajU\">\n<div id=\":15h\" class=\"ajR\"><img decoding=\"async\" class=\"ajT\" src=\"https:\/\/ssl.gstatic.com\/ui\/v1\/icons\/mail\/images\/cleardot.gif\" alt=\"\" \/><\/div>\n<\/div>\n","protected":false},"excerpt":{"rendered":"<p>Nueva York, SANA \u00a0 El Consejo de Seguridad de la ONU conden\u00f3 por unanimidad el ataque terrorista perpetrado por hombres armados contra \u00a0el Museo del Bardo en T\u00fanez, y en el que 19 personas perdieron la vida, entre ellos 17 turistas extranjeros. \u00a0 En un comunicado, los 15 Estados miembros del Consejo ofrecieron sus condolencias &hellip;<\/p>\n","protected":false},"author":1,"featured_media":19778,"comment_status":"closed","ping_status":"closed","sticky":false,"template":"","format":"standard","meta":{"footnotes":""},"categories":[456,576],"tags":[4480],"class_list":["post-19777","post","type-post","status-publish","format-standard","has-post-thumbnail","","category-arabe-internacional-politica","category-noticias-politicas","tag-cs-condena-el-ataque-terrorista-contra-un-museo-en-tunez"],"_links":{"self":[{"href":"https:\/\/archive.sana.sy\/es\/index.php?rest_route=\/wp\/v2\/posts\/19777"}],"collection":[{"href":"https:\/\/archive.sana.sy\/es\/index.php?rest_route=\/wp\/v2\/posts"}],"about":[{"href":"https:\/\/archive.sana.sy\/es\/index.php?rest_route=\/wp\/v2\/types\/post"}],"author":[{"embeddable":true,"href":"https:\/\/archive.sana.sy\/es\/index.php?rest_route=\/wp\/v2\/users\/1"}],"replies":[{"embeddable":true,"href":"https:\/\/archive.sana.sy\/es\/index.php?rest_route=%2Fwp%2Fv2%2Fcomments&post=19777"}],"version-history":[{"count":0,"href":"https:\/\/archive.sana.sy\/es\/index.php?rest_route=\/wp\/v2\/posts\/19777\/revisions"}],"wp:featuredmedia":[{"embeddable":true,"href":"https:\/\/archive.sana.sy\/es\/index.php?rest_route=\/wp\/v2\/media\/19778"}],"wp:attachment":[{"href":"https:\/\/archive.sana.sy\/es\/index.php?rest_route=%2Fwp%2Fv2%2Fmedia&parent=19777"}],"wp:term":[{"taxonomy":"category","embeddable":true,"href":"https:\/\/archive.sana.sy\/es\/index.php?rest_route=%2Fwp%2Fv2%2Fcategories&post=19777"},{"taxonomy":"post_tag","embeddable":true,"href":"https:\/\/archive.sana.sy\/es\/index.php?rest_route=%2Fwp%2Fv2%2Ftags&post=19777"}],"curies":[{"name":"wp","href":"https:\/\/api.w.org\/{rel}","templated":true}]}}