{"id":19781,"date":"2015-03-19T17:40:43","date_gmt":"2015-03-19T15:40:43","guid":{"rendered":"http:\/\/www.sana.sy\/es\/?p=19781"},"modified":"2015-03-19T19:05:04","modified_gmt":"2015-03-19T17:05:04","slug":"cientos-de-sirios-se-manifiestan-en-solidaridad-con-la-hermana-venezuela","status":"publish","type":"post","link":"https:\/\/archive.sana.sy\/es\/?p=19781","title":{"rendered":"Cientos de sirios se manifiestan en solidaridad con la hermana Venezuela"},"content":{"rendered":"<p><span style=\"color: #800000\">Damasco, SANA<\/span><\/p>\n<p>Centenares de j\u00f3venes, adultos y mujeres y actores pol\u00edticos sirios se congregaron este jueves en los alrededores de la Embajada de la Rep\u00fablica Bolivariana de Venezuela para manifestar su solidaridad con el pa\u00eds hermano.<\/p>\n<p>Los protagonistas de este acto que fueron recibidos por el Embajador venezolano Imad Saab Saab, corearon consignas que repudian las agresiones contin\u00faas del gobierno de los Estados Unidos contra pa\u00edses independientes, pacifistas y soberanos como Siria y Venezuela.<\/p>\n<p>Asimismo levantaron fotograf\u00edas de los Presidentes Bashar Al \u2013 Assad, Nicol\u00e1s Maduro y del comandante Ch\u00e1vez, as\u00ed como pancartas en las que se pudo leer: \u201cObama Yankee Go Home\u201d, \u201cViva Siria&#8230; Viva Venezuela\u201d.<\/p>\n<p>Los manifestantes vociferaban que la gran \u201camenaza\u201d para la humanidad y para los pueblos libres son las pol\u00edticas coercitivas de los Estados Unidos y que la Rep\u00fablica \u00c1rabe Siria viene padeciendo esas imposiciones de bloqueo, injerencia e invasi\u00f3n con sus mercenarios financiados y entrenados por el imperio norteamericano y no desean que esta experiencia negativa le ocurra al pueblo venezolano.<\/p>\n<p>En una palabra pronunciado ante el p\u00fablico congregado, el embajador Imad dijo: \u201cHoy celebramos un d\u00eda importante que es el d\u00eda internacional de solidaridad con Venezuela. La congregaci\u00f3n de ustedes es la mejor muestra de los fuertes lazos entre los pueblos de Siria y de Venezuela, estos pueblos que decidieron ser libres y soberanos\u2026\u2026agradecemos su valiosa presencia\u2026. Que viva la solidaridad entre ambos pueblos y pa\u00edses\u201d.<\/p>\n<p>Asimismo enfatiz\u00f3 que el pueblo sirio se ha congregado hoy para expresar su condena a la administraci\u00f3n estadounidense y para pedir derogar el decreto emitido recientemente por Obama.<\/p>\n<p>Es de se\u00f1alar que los manifestaciones que se realizan en solidaridad con Venezuela en muchos pa\u00edses del mundo, es por la reciente resoluci\u00f3n del gobierno de Barack Obama \u201cdeclarando una emergencia nacional con respecto a la amenaza inusual y extraordinaria para la seguridad nacional y la pol\u00edtica exterior de Estados Unidos representada por la situaci\u00f3n en Venezuela\u201d.<\/p>\n<div id='gallery-1' class='gallery galleryid-19781 gallery-columns-3 gallery-size-thumbnail'><figure class='gallery-item'>\n\t\t\t<div class='gallery-icon landscape'>\n\t\t\t\t<a href='https:\/\/archive.sana.sy\/es\/wp-content\/uploads\/2015\/03\/congregacion-2.jpg'><img loading=\"lazy\" decoding=\"async\" width=\"150\" height=\"100\" src=\"https:\/\/archive.sana.sy\/es\/wp-content\/uploads\/2015\/03\/congregacion-2-150x100.jpg\" class=\"attachment-thumbnail size-thumbnail\" alt=\"\" srcset=\"https:\/\/archive.sana.sy\/es\/wp-content\/uploads\/2015\/03\/congregacion-2-150x100.jpg 150w, https:\/\/archive.sana.sy\/es\/wp-content\/uploads\/2015\/03\/congregacion-2-300x200.jpg 300w, https:\/\/archive.sana.sy\/es\/wp-content\/uploads\/2015\/03\/congregacion-2-1024x681.jpg 1024w\" sizes=\"(max-width: 150px) 100vw, 150px\" \/><\/a>\n\t\t\t<\/div><\/figure><figure class='gallery-item'>\n\t\t\t<div class='gallery-icon landscape'>\n\t\t\t\t<a href='https:\/\/archive.sana.sy\/es\/wp-content\/uploads\/2015\/03\/congregacion-3.jpg'><img loading=\"lazy\" decoding=\"async\" width=\"150\" height=\"103\" src=\"https:\/\/archive.sana.sy\/es\/wp-content\/uploads\/2015\/03\/congregacion-3-150x103.jpg\" class=\"attachment-thumbnail size-thumbnail\" alt=\"\" srcset=\"https:\/\/archive.sana.sy\/es\/wp-content\/uploads\/2015\/03\/congregacion-3-150x103.jpg 150w, https:\/\/archive.sana.sy\/es\/wp-content\/uploads\/2015\/03\/congregacion-3-300x205.jpg 300w, https:\/\/archive.sana.sy\/es\/wp-content\/uploads\/2015\/03\/congregacion-3-1024x700.jpg 1024w\" sizes=\"(max-width: 150px) 100vw, 150px\" \/><\/a>\n\t\t\t<\/div><\/figure><figure class='gallery-item'>\n\t\t\t<div class='gallery-icon landscape'>\n\t\t\t\t<a href='https:\/\/archive.sana.sy\/es\/wp-content\/uploads\/2015\/03\/congregacion-5.jpg'><img loading=\"lazy\" decoding=\"async\" width=\"150\" height=\"100\" src=\"https:\/\/archive.sana.sy\/es\/wp-content\/uploads\/2015\/03\/congregacion-5-150x100.jpg\" class=\"attachment-thumbnail size-thumbnail\" alt=\"\" srcset=\"https:\/\/archive.sana.sy\/es\/wp-content\/uploads\/2015\/03\/congregacion-5-150x100.jpg 150w, https:\/\/archive.sana.sy\/es\/wp-content\/uploads\/2015\/03\/congregacion-5-300x200.jpg 300w, https:\/\/archive.sana.sy\/es\/wp-content\/uploads\/2015\/03\/congregacion-5-1024x681.jpg 1024w\" sizes=\"(max-width: 150px) 100vw, 150px\" \/><\/a>\n\t\t\t<\/div><\/figure><figure class='gallery-item'>\n\t\t\t<div class='gallery-icon landscape'>\n\t\t\t\t<a href='https:\/\/archive.sana.sy\/es\/wp-content\/uploads\/2015\/03\/congregacion-6.jpg'><img loading=\"lazy\" decoding=\"async\" width=\"150\" height=\"102\" src=\"https:\/\/archive.sana.sy\/es\/wp-content\/uploads\/2015\/03\/congregacion-6-150x102.jpg\" class=\"attachment-thumbnail size-thumbnail\" alt=\"\" srcset=\"https:\/\/archive.sana.sy\/es\/wp-content\/uploads\/2015\/03\/congregacion-6-150x102.jpg 150w, https:\/\/archive.sana.sy\/es\/wp-content\/uploads\/2015\/03\/congregacion-6-300x204.jpg 300w, https:\/\/archive.sana.sy\/es\/wp-content\/uploads\/2015\/03\/congregacion-6-1024x695.jpg 1024w\" sizes=\"(max-width: 150px) 100vw, 150px\" \/><\/a>\n\t\t\t<\/div><\/figure><figure class='gallery-item'>\n\t\t\t<div class='gallery-icon landscape'>\n\t\t\t\t<a href='https:\/\/archive.sana.sy\/es\/wp-content\/uploads\/2015\/03\/congregacion-7.jpg'><img loading=\"lazy\" decoding=\"async\" width=\"150\" height=\"104\" src=\"https:\/\/archive.sana.sy\/es\/wp-content\/uploads\/2015\/03\/congregacion-7-150x104.jpg\" class=\"attachment-thumbnail size-thumbnail\" alt=\"\" srcset=\"https:\/\/archive.sana.sy\/es\/wp-content\/uploads\/2015\/03\/congregacion-7-150x104.jpg 150w, https:\/\/archive.sana.sy\/es\/wp-content\/uploads\/2015\/03\/congregacion-7-300x208.jpg 300w, https:\/\/archive.sana.sy\/es\/wp-content\/uploads\/2015\/03\/congregacion-7-1024x709.jpg 1024w\" sizes=\"(max-width: 150px) 100vw, 150px\" \/><\/a>\n\t\t\t<\/div><\/figure><figure class='gallery-item'>\n\t\t\t<div class='gallery-icon landscape'>\n\t\t\t\t<a href='https:\/\/archive.sana.sy\/es\/wp-content\/uploads\/2015\/03\/congregacion-8.jpg'><img loading=\"lazy\" decoding=\"async\" width=\"150\" height=\"95\" src=\"https:\/\/archive.sana.sy\/es\/wp-content\/uploads\/2015\/03\/congregacion-8-150x95.jpg\" class=\"attachment-thumbnail size-thumbnail\" alt=\"\" srcset=\"https:\/\/archive.sana.sy\/es\/wp-content\/uploads\/2015\/03\/congregacion-8-150x95.jpg 150w, https:\/\/archive.sana.sy\/es\/wp-content\/uploads\/2015\/03\/congregacion-8-300x189.jpg 300w, https:\/\/archive.sana.sy\/es\/wp-content\/uploads\/2015\/03\/congregacion-8-1024x646.jpg 1024w\" sizes=\"(max-width: 150px) 100vw, 150px\" \/><\/a>\n\t\t\t<\/div><\/figure><figure class='gallery-item'>\n\t\t\t<div class='gallery-icon landscape'>\n\t\t\t\t<a href='https:\/\/archive.sana.sy\/es\/wp-content\/uploads\/2015\/03\/embajador-de-venezuela.jpg'><img loading=\"lazy\" decoding=\"async\" width=\"150\" height=\"80\" src=\"https:\/\/archive.sana.sy\/es\/wp-content\/uploads\/2015\/03\/embajador-de-venezuela-150x80.jpg\" class=\"attachment-thumbnail size-thumbnail\" alt=\"\" srcset=\"https:\/\/archive.sana.sy\/es\/wp-content\/uploads\/2015\/03\/embajador-de-venezuela-150x80.jpg 150w, https:\/\/archive.sana.sy\/es\/wp-content\/uploads\/2015\/03\/embajador-de-venezuela-300x160.jpg 300w, https:\/\/archive.sana.sy\/es\/wp-content\/uploads\/2015\/03\/embajador-de-venezuela.jpg 620w\" sizes=\"(max-width: 150px) 100vw, 150px\" \/><\/a>\n\t\t\t<\/div><\/figure>\n\t\t<\/div>\n\n<p>&nbsp;<\/p>\n<p>&nbsp;<\/p>\n<p>&nbsp;<\/p>\n<p>&nbsp;<\/p>\n<p>Lynn A.<\/p>\n","protected":false},"excerpt":{"rendered":"<p>Damasco, SANA Centenares de j\u00f3venes, adultos y mujeres y actores pol\u00edticos sirios se congregaron este jueves en los alrededores de la Embajada de la Rep\u00fablica Bolivariana de Venezuela para manifestar su solidaridad con el pa\u00eds hermano. Los protagonistas de este acto que fueron recibidos por el Embajador venezolano Imad Saab Saab, corearon consignas que repudian &hellip;<\/p>\n","protected":false},"author":24,"featured_media":19796,"comment_status":"closed","ping_status":"closed","sticky":false,"template":"","format":"standard","meta":{"footnotes":""},"categories":[477,597,476],"tags":[4481],"class_list":["post-19781","post","type-post","status-publish","format-standard","has-post-thumbnail","","category-noticias-edulcorantes","category-cinta-de-noticias","category-locales","tag-cientos-de-sirios-se-manifiestan-en-solidaridad-con-la-hermana-venezuela"],"_links":{"self":[{"href":"https:\/\/archive.sana.sy\/es\/index.php?rest_route=\/wp\/v2\/posts\/19781"}],"collection":[{"href":"https:\/\/archive.sana.sy\/es\/index.php?rest_route=\/wp\/v2\/posts"}],"about":[{"href":"https:\/\/archive.sana.sy\/es\/index.php?rest_route=\/wp\/v2\/types\/post"}],"author":[{"embeddable":true,"href":"https:\/\/archive.sana.sy\/es\/index.php?rest_route=\/wp\/v2\/users\/24"}],"replies":[{"embeddable":true,"href":"https:\/\/archive.sana.sy\/es\/index.php?rest_route=%2Fwp%2Fv2%2Fcomments&post=19781"}],"version-history":[{"count":0,"href":"https:\/\/archive.sana.sy\/es\/index.php?rest_route=\/wp\/v2\/posts\/19781\/revisions"}],"wp:featuredmedia":[{"embeddable":true,"href":"https:\/\/archive.sana.sy\/es\/index.php?rest_route=\/wp\/v2\/media\/19796"}],"wp:attachment":[{"href":"https:\/\/archive.sana.sy\/es\/index.php?rest_route=%2Fwp%2Fv2%2Fmedia&parent=19781"}],"wp:term":[{"taxonomy":"category","embeddable":true,"href":"https:\/\/archive.sana.sy\/es\/index.php?rest_route=%2Fwp%2Fv2%2Fcategories&post=19781"},{"taxonomy":"post_tag","embeddable":true,"href":"https:\/\/archive.sana.sy\/es\/index.php?rest_route=%2Fwp%2Fv2%2Ftags&post=19781"}],"curies":[{"name":"wp","href":"https:\/\/api.w.org\/{rel}","templated":true}]}}