{"id":197810,"date":"2021-09-20T16:07:53","date_gmt":"2021-09-20T13:07:53","guid":{"rendered":"http:\/\/107.6.182.27\/es\/?p=197810"},"modified":"2023-01-10T14:26:12","modified_gmt":"2023-01-10T12:26:12","slug":"ejecutadas-al-90-las-obras-de-mantenimiento-de-la-red-electrica-en-derra","status":"publish","type":"post","link":"https:\/\/archive.sana.sy\/es\/?p=197810","title":{"rendered":"Completan rehabilitaci\u00f3n del 90% de la red el\u00e9ctrica en Deraa"},"content":{"rendered":"<p><span style=\"color: #800000;\">Deraa, SANA<\/span><\/p>\n<p style=\"text-align: justify;\">Las obras de mantenimiento de la red el\u00e9ctrica en los vecindarios de Deraa al-Balad, Tarik al-Sad y al-Mukhayam, se\u00a0 completaron en un 90%.<\/p>\n<p style=\"text-align: justify;\">En declaraciones al corresponsal de SANA, Munir al-Qasim, subdirector de la Compa\u00f1\u00eda de Electricidad de Deraa, explic\u00f3 que los t\u00e9cnicos de la entidad han estado trabajando durante d\u00edas en la reparaci\u00f3n de las principales l\u00edneas de transmisi\u00f3n de media tensi\u00f3n en las zona antes mencionadas.<\/p>\n<p style=\"text-align: justify;\">Manifest\u00f3 que los trabajos de mantenimiento incluyeron las redes da\u00f1adas, la construcci\u00f3n de torres y la reparaci\u00f3n de cables subterr\u00e1neos.<\/p>\n<p style=\"text-align: justify;\">Al-Qasim agreg\u00f3 que la empresa moviliz\u00f3 todos sus equipos en todas las regiones para restablecer el suministro el\u00e9ctrico tan pronto como sea posible.<\/p>\n<p style=\"text-align: justify;\"><span style=\"color: #0000ff;\"><strong>mm<\/strong><\/span><\/p>\n","protected":false},"excerpt":{"rendered":"<p>Deraa, SANA Las obras de mantenimiento de la red el\u00e9ctrica en los vecindarios de Deraa al-Balad, Tarik al-Sad y al-Mukhayam, se\u00a0 completaron en un 90%. En declaraciones al corresponsal de SANA, Munir al-Qasim, subdirector de la Compa\u00f1\u00eda de Electricidad de Deraa, explic\u00f3 que los t\u00e9cnicos de la entidad han estado trabajando durante d\u00edas en la &hellip;<\/p>\n","protected":false},"author":36,"featured_media":197811,"comment_status":"closed","ping_status":"closed","sticky":false,"template":"","format":"standard","meta":{"footnotes":""},"categories":[447,477,597,476,457,7541],"tags":[],"class_list":["post-197810","post","type-post","status-publish","format-standard","has-post-thumbnail","","category-local-politica","category-noticias-edulcorantes","category-cinta-de-noticias","category-locales","category-noticias-arabe-internacional-politica","category-ultimas-noticias"],"_links":{"self":[{"href":"https:\/\/archive.sana.sy\/es\/index.php?rest_route=\/wp\/v2\/posts\/197810"}],"collection":[{"href":"https:\/\/archive.sana.sy\/es\/index.php?rest_route=\/wp\/v2\/posts"}],"about":[{"href":"https:\/\/archive.sana.sy\/es\/index.php?rest_route=\/wp\/v2\/types\/post"}],"author":[{"embeddable":true,"href":"https:\/\/archive.sana.sy\/es\/index.php?rest_route=\/wp\/v2\/users\/36"}],"replies":[{"embeddable":true,"href":"https:\/\/archive.sana.sy\/es\/index.php?rest_route=%2Fwp%2Fv2%2Fcomments&post=197810"}],"version-history":[{"count":0,"href":"https:\/\/archive.sana.sy\/es\/index.php?rest_route=\/wp\/v2\/posts\/197810\/revisions"}],"wp:featuredmedia":[{"embeddable":true,"href":"https:\/\/archive.sana.sy\/es\/index.php?rest_route=\/wp\/v2\/media\/197811"}],"wp:attachment":[{"href":"https:\/\/archive.sana.sy\/es\/index.php?rest_route=%2Fwp%2Fv2%2Fmedia&parent=197810"}],"wp:term":[{"taxonomy":"category","embeddable":true,"href":"https:\/\/archive.sana.sy\/es\/index.php?rest_route=%2Fwp%2Fv2%2Fcategories&post=197810"},{"taxonomy":"post_tag","embeddable":true,"href":"https:\/\/archive.sana.sy\/es\/index.php?rest_route=%2Fwp%2Fv2%2Ftags&post=197810"}],"curies":[{"name":"wp","href":"https:\/\/api.w.org\/{rel}","templated":true}]}}