{"id":197813,"date":"2021-09-20T19:30:19","date_gmt":"2021-09-20T16:30:19","guid":{"rendered":"http:\/\/107.6.182.27\/es\/?p=197813"},"modified":"2023-01-10T14:26:11","modified_gmt":"2023-01-10T12:26:11","slug":"izan-bandera-nacional-en-la-comisaria-de-policia-de-tafas","status":"publish","type":"post","link":"https:\/\/archive.sana.sy\/es\/?p=197813","title":{"rendered":"Izan bandera nacional en la comisar\u00eda de polic\u00eda de Tafas\/Deraa"},"content":{"rendered":"<p style=\"text-align: justify;\"><strong><span style=\"color: #800000;\">Deraa, SANA<\/span><\/strong><\/p>\n<p style=\"text-align: justify;\">Las unidades de polic\u00eda izaron hoy la bandera nacional encima de la sede de la comisar\u00eda de polic\u00eda de la ciudad de Tafas, en el noroeste de Deraa, en paralelo con el despliegue de unidades del Ej\u00e9rcito \u00c1rabe Sirio en la localidad.<\/p>\n<p style=\"text-align: justify;\">El comandante de polic\u00eda de la gobernaci\u00f3n, el general de brigada Dirar Mujahm al-Dandal, declar\u00f3 a SANA, que la comisar\u00eda de polic\u00eda de Tafas reanudar\u00e1 su trabajo habitual y las instituciones estatales\u00a0 volver\u00e1n a prestar sus servicios a los ciudadanos.<\/p>\n<p style=\"text-align: justify;\">&#8220;Restablecer el estado de seguridad y estabilidad en la urbe se logr\u00f3 gracias a la gran cooperaci\u00f3n entre el Estado y la poblaci\u00f3n\u201d, explic\u00f3.<\/p>\n<p style=\"text-align: justify;\">Mientras tanto, contin\u00faa por tercer d\u00eda consecutivo el proceso de normalizaci\u00f3n del estatus jur\u00eddico de los armados y pr\u00f3fugos que se entregan voluntariamente al Ej\u00e9rcito \u00c1rabe Sirio en la misma localidad.<\/p>\n<div id='gallery-1' class='gallery galleryid-197813 gallery-columns-1 gallery-size-full'><figure class='gallery-item'>\n\t\t\t<div class='gallery-icon landscape'>\n\t\t\t\t<a href='https:\/\/archive.sana.sy\/es\/?attachment_id=197815'><img loading=\"lazy\" decoding=\"async\" width=\"660\" height=\"440\" src=\"https:\/\/archive.sana.sy\/es\/wp-content\/uploads\/2021\/09\/10-114.jpg\" class=\"attachment-full size-full\" alt=\"\" srcset=\"https:\/\/archive.sana.sy\/es\/wp-content\/uploads\/2021\/09\/10-114.jpg 660w, https:\/\/archive.sana.sy\/es\/wp-content\/uploads\/2021\/09\/10-114-300x200.jpg 300w, https:\/\/archive.sana.sy\/es\/wp-content\/uploads\/2021\/09\/10-114-150x100.jpg 150w\" sizes=\"(max-width: 660px) 100vw, 660px\" \/><\/a>\n\t\t\t<\/div><\/figure><figure class='gallery-item'>\n\t\t\t<div class='gallery-icon landscape'>\n\t\t\t\t<a href='https:\/\/archive.sana.sy\/es\/?attachment_id=197816'><img loading=\"lazy\" decoding=\"async\" width=\"660\" height=\"440\" src=\"https:\/\/archive.sana.sy\/es\/wp-content\/uploads\/2021\/09\/4-2.jpg\" class=\"attachment-full size-full\" alt=\"\" srcset=\"https:\/\/archive.sana.sy\/es\/wp-content\/uploads\/2021\/09\/4-2.jpg 660w, https:\/\/archive.sana.sy\/es\/wp-content\/uploads\/2021\/09\/4-2-300x200.jpg 300w, https:\/\/archive.sana.sy\/es\/wp-content\/uploads\/2021\/09\/4-2-150x100.jpg 150w\" sizes=\"(max-width: 660px) 100vw, 660px\" \/><\/a>\n\t\t\t<\/div><\/figure><figure class='gallery-item'>\n\t\t\t<div class='gallery-icon landscape'>\n\t\t\t\t<a href='https:\/\/archive.sana.sy\/es\/?attachment_id=197817'><img loading=\"lazy\" decoding=\"async\" width=\"660\" height=\"415\" src=\"https:\/\/archive.sana.sy\/es\/wp-content\/uploads\/2021\/09\/3-4.jpg\" class=\"attachment-full size-full\" alt=\"\" srcset=\"https:\/\/archive.sana.sy\/es\/wp-content\/uploads\/2021\/09\/3-4.jpg 660w, https:\/\/archive.sana.sy\/es\/wp-content\/uploads\/2021\/09\/3-4-300x189.jpg 300w, https:\/\/archive.sana.sy\/es\/wp-content\/uploads\/2021\/09\/3-4-150x94.jpg 150w\" sizes=\"(max-width: 660px) 100vw, 660px\" \/><\/a>\n\t\t\t<\/div><\/figure><figure class='gallery-item'>\n\t\t\t<div class='gallery-icon landscape'>\n\t\t\t\t<a href='https:\/\/archive.sana.sy\/es\/?attachment_id=197818'><img loading=\"lazy\" decoding=\"async\" width=\"660\" height=\"440\" src=\"https:\/\/archive.sana.sy\/es\/wp-content\/uploads\/2021\/09\/2-4.jpg\" class=\"attachment-full size-full\" alt=\"\" srcset=\"https:\/\/archive.sana.sy\/es\/wp-content\/uploads\/2021\/09\/2-4.jpg 660w, https:\/\/archive.sana.sy\/es\/wp-content\/uploads\/2021\/09\/2-4-300x200.jpg 300w, https:\/\/archive.sana.sy\/es\/wp-content\/uploads\/2021\/09\/2-4-150x100.jpg 150w\" sizes=\"(max-width: 660px) 100vw, 660px\" \/><\/a>\n\t\t\t<\/div><\/figure>\n\t\t<\/div>\n\n<p style=\"text-align: justify;\"><span style=\"color: #0000ff;\"><strong>mm<\/strong><\/span><\/p>\n","protected":false},"excerpt":{"rendered":"<p>Deraa, SANA Las unidades de polic\u00eda izaron hoy la bandera nacional encima de la sede de la comisar\u00eda de polic\u00eda de la ciudad de Tafas, en el noroeste de Deraa, en paralelo con el despliegue de unidades del Ej\u00e9rcito \u00c1rabe Sirio en la localidad. El comandante de polic\u00eda de la gobernaci\u00f3n, el general de brigada &hellip;<\/p>\n","protected":false},"author":36,"featured_media":197814,"comment_status":"closed","ping_status":"closed","sticky":false,"template":"","format":"standard","meta":{"footnotes":""},"categories":[447,477,597,573,476,457,7541],"tags":[],"class_list":["post-197813","post","type-post","status-publish","format-standard","has-post-thumbnail","","category-local-politica","category-noticias-edulcorantes","category-cinta-de-noticias","category-la-realidad-de-los-acontecimientos-en-siria","category-locales","category-noticias-arabe-internacional-politica","category-ultimas-noticias"],"_links":{"self":[{"href":"https:\/\/archive.sana.sy\/es\/index.php?rest_route=\/wp\/v2\/posts\/197813"}],"collection":[{"href":"https:\/\/archive.sana.sy\/es\/index.php?rest_route=\/wp\/v2\/posts"}],"about":[{"href":"https:\/\/archive.sana.sy\/es\/index.php?rest_route=\/wp\/v2\/types\/post"}],"author":[{"embeddable":true,"href":"https:\/\/archive.sana.sy\/es\/index.php?rest_route=\/wp\/v2\/users\/36"}],"replies":[{"embeddable":true,"href":"https:\/\/archive.sana.sy\/es\/index.php?rest_route=%2Fwp%2Fv2%2Fcomments&post=197813"}],"version-history":[{"count":0,"href":"https:\/\/archive.sana.sy\/es\/index.php?rest_route=\/wp\/v2\/posts\/197813\/revisions"}],"wp:featuredmedia":[{"embeddable":true,"href":"https:\/\/archive.sana.sy\/es\/index.php?rest_route=\/wp\/v2\/media\/197814"}],"wp:attachment":[{"href":"https:\/\/archive.sana.sy\/es\/index.php?rest_route=%2Fwp%2Fv2%2Fmedia&parent=197813"}],"wp:term":[{"taxonomy":"category","embeddable":true,"href":"https:\/\/archive.sana.sy\/es\/index.php?rest_route=%2Fwp%2Fv2%2Fcategories&post=197813"},{"taxonomy":"post_tag","embeddable":true,"href":"https:\/\/archive.sana.sy\/es\/index.php?rest_route=%2Fwp%2Fv2%2Ftags&post=197813"}],"curies":[{"name":"wp","href":"https:\/\/api.w.org\/{rel}","templated":true}]}}