{"id":197820,"date":"2021-09-20T16:52:45","date_gmt":"2021-09-20T13:52:45","guid":{"rendered":"http:\/\/107.6.182.27\/es\/?p=197820"},"modified":"2023-01-12T14:40:18","modified_gmt":"2023-01-12T12:40:18","slug":"fuerzas-iraquies-arrestan-a-seis-terroristas-en-diferentes-zonas-del-pais","status":"publish","type":"post","link":"https:\/\/archive.sana.sy\/es\/?p=197820","title":{"rendered":"Fuerzas iraqu\u00edes arrestan a seis terroristas en diferentes zonas del pa\u00eds"},"content":{"rendered":"<p><span style=\"color: #800000;\">Bagdad, SANA<\/span><\/p>\n<p style=\"text-align: justify;\">Las fuerzas de seguridad iraqu\u00edes arrestaron hoy a seis terroristas en las provincias de Anbar, Diyala y N\u00ednive.<\/p>\n<p style=\"text-align: justify;\">Por medio de un comunicado emitido por el Servicio de Seguridad iraqu\u00ed, &#8220;los destacamentos de inteligencia militar del Comando de Operaciones de Al Yazira llevaron a cabo una campa\u00f1a de redadas en el \u00e1rea de Albu Hayat en el distrito de Haditha en Anbar, que result\u00f3 en el arresto de dos terroristas&#8221;.<\/p>\n<p style=\"text-align: justify;\">El comunicado agreg\u00f3 que &#8220;agentes de seguridad en cooperaci\u00f3n con una fuerza del Comando de Fuerzas Terrestres, llevaron a cabo otra operaci\u00f3n de inteligencia , durante la cual fueron arrestados cuatro terroristas, tres de ellos en Diyala, en las \u00e1reas de la zona de Qara Tabbah , y el otro al oeste de la provincia de N\u00ednive &#8220;.<\/p>\n<p style=\"text-align: justify;\">Anteriormente, las fuerzas de seguridad iraqu\u00edes arrestaron a un terrorista del grupo terrorista &#8220;Daesh&#8221; en la ciudad de Mosul, en el norte del pa\u00eds.<\/p>\n<p><em>mm<\/em><\/p>\n","protected":false},"excerpt":{"rendered":"<p>Bagdad, SANA Las fuerzas de seguridad iraqu\u00edes arrestaron hoy a seis terroristas en las provincias de Anbar, Diyala y N\u00ednive. Por medio de un comunicado emitido por el Servicio de Seguridad iraqu\u00ed, &#8220;los destacamentos de inteligencia militar del Comando de Operaciones de Al Yazira llevaron a cabo una campa\u00f1a de redadas en el \u00e1rea de &hellip;<\/p>\n","protected":false},"author":36,"featured_media":197821,"comment_status":"closed","ping_status":"closed","sticky":false,"template":"","format":"standard","meta":{"footnotes":""},"categories":[597,456,457],"tags":[],"class_list":["post-197820","post","type-post","status-publish","format-standard","has-post-thumbnail","","category-cinta-de-noticias","category-arabe-internacional-politica","category-noticias-arabe-internacional-politica"],"_links":{"self":[{"href":"https:\/\/archive.sana.sy\/es\/index.php?rest_route=\/wp\/v2\/posts\/197820"}],"collection":[{"href":"https:\/\/archive.sana.sy\/es\/index.php?rest_route=\/wp\/v2\/posts"}],"about":[{"href":"https:\/\/archive.sana.sy\/es\/index.php?rest_route=\/wp\/v2\/types\/post"}],"author":[{"embeddable":true,"href":"https:\/\/archive.sana.sy\/es\/index.php?rest_route=\/wp\/v2\/users\/36"}],"replies":[{"embeddable":true,"href":"https:\/\/archive.sana.sy\/es\/index.php?rest_route=%2Fwp%2Fv2%2Fcomments&post=197820"}],"version-history":[{"count":0,"href":"https:\/\/archive.sana.sy\/es\/index.php?rest_route=\/wp\/v2\/posts\/197820\/revisions"}],"wp:featuredmedia":[{"embeddable":true,"href":"https:\/\/archive.sana.sy\/es\/index.php?rest_route=\/wp\/v2\/media\/197821"}],"wp:attachment":[{"href":"https:\/\/archive.sana.sy\/es\/index.php?rest_route=%2Fwp%2Fv2%2Fmedia&parent=197820"}],"wp:term":[{"taxonomy":"category","embeddable":true,"href":"https:\/\/archive.sana.sy\/es\/index.php?rest_route=%2Fwp%2Fv2%2Fcategories&post=197820"},{"taxonomy":"post_tag","embeddable":true,"href":"https:\/\/archive.sana.sy\/es\/index.php?rest_route=%2Fwp%2Fv2%2Ftags&post=197820"}],"curies":[{"name":"wp","href":"https:\/\/api.w.org\/{rel}","templated":true}]}}