{"id":197847,"date":"2021-09-20T18:40:06","date_gmt":"2021-09-20T15:40:06","guid":{"rendered":"http:\/\/107.6.182.27\/es\/?p=197847"},"modified":"2021-09-20T19:45:46","modified_gmt":"2021-09-20T16:45:46","slug":"unidades-de-cuidados-intensivos-en-damasco-estan-completamente-ocupados-con-enfermos-de-covid-19","status":"publish","type":"post","link":"https:\/\/archive.sana.sy\/es\/?p=197847","title":{"rendered":"Unidades de cuidados intensivos en Damasco est\u00e1n completamente ocupados con enfermos de Covid-19"},"content":{"rendered":"<p style=\"text-align: justify;\"><span style=\"color: #800000;\">Damasco, SANA<\/span><\/p>\n<p style=\"text-align: justify;\">La tasa de ocupaci\u00f3n de camas en las Unidades de Cuidados Intensivos con enfermos de Covid-19 en los hospitales p\u00fablicos alcanz\u00f3 el 100%, comunic\u00f3 a SANA el Director de Emergencia del Ministerio de Salud, Tawfiq Hasaba.<\/p>\n<p style=\"text-align: justify;\">Agreg\u00f3 que, a consecuencia, varios contagiados han sido trasladados a hospitales en Damasco-campo con el objetivo de atender a todos los casos que necesiten cuidados intensivos.<\/p>\n<p style=\"text-align: justify;\">\u201cEst\u00e1 aumentado el n\u00famero de casos con el nuevo Coronavirus a nivel local, y la v\u00edspera se registr\u00f3 la mayor cifra diaria de infecciones desde que se anunci\u00f3 el primer caso en marzo del a\u00f1o pasado\u201d, detall\u00f3.<\/p>\n<p style=\"text-align: justify;\">Se\u00f1al\u00f3 que la mayor cifra diaria de contagios en Siria se registr\u00f3 durante el primer brote de propagaci\u00f3n del virus en Siria, el 13 de agosto de 2020, y alcanz\u00f3 105 casos, mientras lleg\u00f3 a 169 en el segundo brote el 18 de diciembre de 2020, y en el tercero, el 22 de marzo del a\u00f1o en curso, alcanz\u00f3 172.<\/p>\n<p style=\"text-align: justify;\">Hassba indic\u00f3 que el n\u00famero acumulado de ingresados en todos los hospitales p\u00fablicos en todas las provincias es actualmente dos mil, la mayor\u00eda fueron registrados en Latakia, Alepo, Damasco, Damasco-campo y Hama.<\/p>\n<p style=\"text-align: justify;\">Afirm\u00f3 que el periodo de recuperaci\u00f3n es m\u00e1s corto y los decesos por la enfermedad son menos en comparaci\u00f3n con los \u00faltimos brotes.<\/p>\n<p style=\"text-align: justify;\"><span style=\"color: #0000ff;\">rr\/fm<\/span><\/p>\n","protected":false},"excerpt":{"rendered":"<p>Damasco, SANA La tasa de ocupaci\u00f3n de camas en las Unidades de Cuidados Intensivos con enfermos de Covid-19 en los hospitales p\u00fablicos alcanz\u00f3 el 100%, comunic\u00f3 a SANA el Director de Emergencia del Ministerio de Salud, Tawfiq Hasaba. Agreg\u00f3 que, a consecuencia, varios contagiados han sido trasladados a hospitales en Damasco-campo con el objetivo de &hellip;<\/p>\n","protected":false},"author":31,"featured_media":197848,"comment_status":"closed","ping_status":"closed","sticky":false,"template":"","format":"standard","meta":{"footnotes":""},"categories":[597,476,7541],"tags":[],"class_list":["post-197847","post","type-post","status-publish","format-standard","has-post-thumbnail","","category-cinta-de-noticias","category-locales","category-ultimas-noticias"],"_links":{"self":[{"href":"https:\/\/archive.sana.sy\/es\/index.php?rest_route=\/wp\/v2\/posts\/197847"}],"collection":[{"href":"https:\/\/archive.sana.sy\/es\/index.php?rest_route=\/wp\/v2\/posts"}],"about":[{"href":"https:\/\/archive.sana.sy\/es\/index.php?rest_route=\/wp\/v2\/types\/post"}],"author":[{"embeddable":true,"href":"https:\/\/archive.sana.sy\/es\/index.php?rest_route=\/wp\/v2\/users\/31"}],"replies":[{"embeddable":true,"href":"https:\/\/archive.sana.sy\/es\/index.php?rest_route=%2Fwp%2Fv2%2Fcomments&post=197847"}],"version-history":[{"count":0,"href":"https:\/\/archive.sana.sy\/es\/index.php?rest_route=\/wp\/v2\/posts\/197847\/revisions"}],"wp:featuredmedia":[{"embeddable":true,"href":"https:\/\/archive.sana.sy\/es\/index.php?rest_route=\/wp\/v2\/media\/197848"}],"wp:attachment":[{"href":"https:\/\/archive.sana.sy\/es\/index.php?rest_route=%2Fwp%2Fv2%2Fmedia&parent=197847"}],"wp:term":[{"taxonomy":"category","embeddable":true,"href":"https:\/\/archive.sana.sy\/es\/index.php?rest_route=%2Fwp%2Fv2%2Fcategories&post=197847"},{"taxonomy":"post_tag","embeddable":true,"href":"https:\/\/archive.sana.sy\/es\/index.php?rest_route=%2Fwp%2Fv2%2Ftags&post=197847"}],"curies":[{"name":"wp","href":"https:\/\/api.w.org\/{rel}","templated":true}]}}