{"id":197853,"date":"2021-09-20T19:25:48","date_gmt":"2021-09-20T16:25:48","guid":{"rendered":"http:\/\/107.6.182.27\/es\/?p=197853"},"modified":"2021-09-20T21:43:12","modified_gmt":"2021-09-20T18:43:12","slug":"siria-y-china-ratifican-sus-solidas-relaciones-y-sus-posturas-de-apoyo-reciproco-a-sus-causas","status":"publish","type":"post","link":"https:\/\/archive.sana.sy\/es\/?p=197853","title":{"rendered":"Siria y China ratifican sus s\u00f3lidas relaciones y sus posturas de apoyo rec\u00edproco a sus causas"},"content":{"rendered":"<p><span style=\"color: #800000;\">Damasco, SANA<\/span><\/p>\n<p style=\"text-align: justify;\">La Embajada de la Rep\u00fablica Popular China en Damasco conmemor\u00f3 el 72 aniversario del D\u00eda Nacional de esta naci\u00f3n asi\u00e1tica, en una ceremonia virtual v\u00eda Internet, en la que participaron el Ministro de Exteriores y Expatriados, Faisal al-Mekdad, y el Embajador de China en Damasco, Fong Biao.<\/p>\n<p style=\"text-align: justify;\">En sus palabras, el Canciller afirm\u00f3 la profundidad de las relaciones hist\u00f3ricas que unen a los pueblos sirio y chino, las cuales se consolidaron con su compromiso con principios y objetivos comunes.<\/p>\n<p style=\"text-align: justify;\">Indic\u00f3 que la iniciativa &#8220;La Franja y la Ruta&#8221; refleja una implementaci\u00f3n de la visi\u00f3n de China del concepto de una &#8220;sociedad humana que comparte el futuro&#8221;.<\/p>\n<p style=\"text-align: justify;\">El jefe de diplomacia siria elogi\u00f3 las posturas de China hacia las causas justas, especialmente la causa palestina, y su apoyo a Siria en su guerra contra el terrorismo y el uso de Beijing de su veto en 10 ocasiones para evitar que se traman proyectos de hegemon\u00eda contra Siria.<\/p>\n<p style=\"text-align: justify;\">Por su parte, el embajador chino destac\u00f3 que las relaciones de su pa\u00eds con Damasco han mantenido su estable desarrollo, e indic\u00f3 que los dos pa\u00edses amigos trabajan en un solo equipo por un mejor futuro de la humanidad y son socios naturales para la cooperaci\u00f3n y asociaci\u00f3n en la construcci\u00f3n de la Franja y la Ruta.<\/p>\n<p><span style=\"color: #0000ff;\">fm\/rr<\/span><\/p>\n","protected":false},"excerpt":{"rendered":"<p>Damasco, SANA La Embajada de la Rep\u00fablica Popular China en Damasco conmemor\u00f3 el 72 aniversario del D\u00eda Nacional de esta naci\u00f3n asi\u00e1tica, en una ceremonia virtual v\u00eda Internet, en la que participaron el Ministro de Exteriores y Expatriados, Faisal al-Mekdad, y el Embajador de China en Damasco, Fong Biao. En sus palabras, el Canciller afirm\u00f3 &hellip;<\/p>\n","protected":false},"author":31,"featured_media":197854,"comment_status":"closed","ping_status":"closed","sticky":false,"template":"","format":"standard","meta":{"footnotes":""},"categories":[597,467,7541],"tags":[],"class_list":["post-197853","post","type-post","status-publish","format-standard","has-post-thumbnail","","category-cinta-de-noticias","category-siria-y-el-mundo","category-ultimas-noticias"],"_links":{"self":[{"href":"https:\/\/archive.sana.sy\/es\/index.php?rest_route=\/wp\/v2\/posts\/197853"}],"collection":[{"href":"https:\/\/archive.sana.sy\/es\/index.php?rest_route=\/wp\/v2\/posts"}],"about":[{"href":"https:\/\/archive.sana.sy\/es\/index.php?rest_route=\/wp\/v2\/types\/post"}],"author":[{"embeddable":true,"href":"https:\/\/archive.sana.sy\/es\/index.php?rest_route=\/wp\/v2\/users\/31"}],"replies":[{"embeddable":true,"href":"https:\/\/archive.sana.sy\/es\/index.php?rest_route=%2Fwp%2Fv2%2Fcomments&post=197853"}],"version-history":[{"count":0,"href":"https:\/\/archive.sana.sy\/es\/index.php?rest_route=\/wp\/v2\/posts\/197853\/revisions"}],"wp:featuredmedia":[{"embeddable":true,"href":"https:\/\/archive.sana.sy\/es\/index.php?rest_route=\/wp\/v2\/media\/197854"}],"wp:attachment":[{"href":"https:\/\/archive.sana.sy\/es\/index.php?rest_route=%2Fwp%2Fv2%2Fmedia&parent=197853"}],"wp:term":[{"taxonomy":"category","embeddable":true,"href":"https:\/\/archive.sana.sy\/es\/index.php?rest_route=%2Fwp%2Fv2%2Fcategories&post=197853"},{"taxonomy":"post_tag","embeddable":true,"href":"https:\/\/archive.sana.sy\/es\/index.php?rest_route=%2Fwp%2Fv2%2Ftags&post=197853"}],"curies":[{"name":"wp","href":"https:\/\/api.w.org\/{rel}","templated":true}]}}