{"id":197865,"date":"2021-09-21T07:29:30","date_gmt":"2021-09-21T04:29:30","guid":{"rendered":"http:\/\/107.6.182.27\/es\/?p=197865"},"modified":"2023-01-10T14:26:11","modified_gmt":"2023-01-10T12:26:11","slug":"cifra-diaria-record-de-nuevos-contagios-confirmados-por-la-covid-19-en-siria","status":"publish","type":"post","link":"https:\/\/archive.sana.sy\/es\/?p=197865","title":{"rendered":"Cifra diaria r\u00e9cord de nuevos contagios confirmados por la Covid-19 en Siria"},"content":{"rendered":"<p style=\"text-align: justify;\"><strong><span style=\"color: #800000;\">Damasco, SANA<\/span><\/strong><\/p>\n<p style=\"text-align: justify;\">El Ministerio de Salud confirm\u00f3 hoy 204 nuevos casos de Covid-19 para un total de 30 mil 913.<\/p>\n<p style=\"text-align: justify;\">Esa cifra es la m\u00e1s alta reportada en el pa\u00eds desde la confirmaci\u00f3n del primer caso en marzo del 2020.<\/p>\n<p style=\"text-align: justify;\">\u201c45 personas se recuperaron para un total de 23,093, mientras se reportaron nueve nuevos muertos lo que eleva a dos mil 136 el n\u00famero de decesos por esta enfermedad\u201d, precis\u00f3 el parte diario del ente.<\/p>\n<p style=\"text-align: justify;\">Alepo, Damasco, Latakia y Damasco-campo siguen siendo las provincias que reportan mayores cifras de contagios.<\/p>\n<p style=\"text-align: justify;\">Siria enfrenta esta pandemia en medio de un bloqueo injusto asfixiante impuesto por EEUU y algunos pa\u00edses de la UE, lo cual dificulta las capacidades del pa\u00eds de enfrentar esta pandemia.<\/p>\n<p style=\"text-align: justify;\">La v\u00edspera, La tasa de ocupaci\u00f3n de camas en las Unidades de Cuidados Intensivos con enfermos de Covid-19 en los hospitales p\u00fablicos alcanz\u00f3 el 100%, seg\u00fan el Director de Emergencia del Ministerio de Salud, Tawfiq Hasaba.<\/p>\n<p style=\"text-align: justify;\">Agreg\u00f3 que, a consecuencia, varios contagiados han sido trasladados a hospitales en Damasco-campo con el objetivo de atender a todos los casos que necesiten cuidados intensivos.<\/p>\n<p style=\"text-align: justify;\"><span style=\"color: #0000ff;\">fm\/ed<\/span><\/p>\n","protected":false},"excerpt":{"rendered":"<p>Damasco, SANA El Ministerio de Salud confirm\u00f3 hoy 204 nuevos casos de Covid-19 para un total de 30 mil 913. Esa cifra es la m\u00e1s alta reportada en el pa\u00eds desde la confirmaci\u00f3n del primer caso en marzo del 2020. \u201c45 personas se recuperaron para un total de 23,093, mientras se reportaron nueve nuevos muertos &hellip;<\/p>\n","protected":false},"author":32,"featured_media":197866,"comment_status":"closed","ping_status":"closed","sticky":false,"template":"","format":"standard","meta":{"footnotes":""},"categories":[477,447,597,476,7541],"tags":[],"class_list":["post-197865","post","type-post","status-publish","format-standard","has-post-thumbnail","","category-noticias-edulcorantes","category-local-politica","category-cinta-de-noticias","category-locales","category-ultimas-noticias"],"_links":{"self":[{"href":"https:\/\/archive.sana.sy\/es\/index.php?rest_route=\/wp\/v2\/posts\/197865"}],"collection":[{"href":"https:\/\/archive.sana.sy\/es\/index.php?rest_route=\/wp\/v2\/posts"}],"about":[{"href":"https:\/\/archive.sana.sy\/es\/index.php?rest_route=\/wp\/v2\/types\/post"}],"author":[{"embeddable":true,"href":"https:\/\/archive.sana.sy\/es\/index.php?rest_route=\/wp\/v2\/users\/32"}],"replies":[{"embeddable":true,"href":"https:\/\/archive.sana.sy\/es\/index.php?rest_route=%2Fwp%2Fv2%2Fcomments&post=197865"}],"version-history":[{"count":0,"href":"https:\/\/archive.sana.sy\/es\/index.php?rest_route=\/wp\/v2\/posts\/197865\/revisions"}],"wp:featuredmedia":[{"embeddable":true,"href":"https:\/\/archive.sana.sy\/es\/index.php?rest_route=\/wp\/v2\/media\/197866"}],"wp:attachment":[{"href":"https:\/\/archive.sana.sy\/es\/index.php?rest_route=%2Fwp%2Fv2%2Fmedia&parent=197865"}],"wp:term":[{"taxonomy":"category","embeddable":true,"href":"https:\/\/archive.sana.sy\/es\/index.php?rest_route=%2Fwp%2Fv2%2Fcategories&post=197865"},{"taxonomy":"post_tag","embeddable":true,"href":"https:\/\/archive.sana.sy\/es\/index.php?rest_route=%2Fwp%2Fv2%2Ftags&post=197865"}],"curies":[{"name":"wp","href":"https:\/\/api.w.org\/{rel}","templated":true}]}}