{"id":197868,"date":"2021-09-21T07:38:02","date_gmt":"2021-09-21T04:38:02","guid":{"rendered":"http:\/\/107.6.182.27\/es\/?p=197868"},"modified":"2023-01-10T15:33:14","modified_gmt":"2023-01-10T13:33:14","slug":"titulares-de-la-agencia-sana-21-de-septiembre-2021","status":"publish","type":"post","link":"https:\/\/archive.sana.sy\/es\/?p=197868","title":{"rendered":"Titulares de la agencia SANA, 21 de septiembre 2021"},"content":{"rendered":"<p><span style=\"color: #800000;\"><strong>Damasco , SANA<\/strong><\/span><\/p>\n<p>????????Canciller al-Mekdad encabeza delegaci\u00f3n siria en el 76 per\u00edodo de sesiones de la Asamblea General de Naciones Unidas.<\/p>\n<p>????????Siria denuncia violaciones turcas contra su soberan\u00eda durante m\u00e1s de 10 a\u00f1os.<\/p>\n<p>????????Siria e Ir\u00e1n examinan v\u00edas de impulsar la cooperaci\u00f3n econ\u00f3mica y comercial.<\/p>\n<p>????????Siria y China ratifican sus s\u00f3lidas relaciones y sus posturas de apoyo rec\u00edproco a sus causas<\/p>\n<p>????????Izan bandera nacional en la comisar\u00eda de polic\u00eda de Tafas.<\/p>\n<p>????????Nueva jornada de redadas y secuestros por la milicia separatista FDS en Deir Ezzor.<\/p>\n<p>????????Metralla remanente de la guerra se convierte en obra maestra exhibida en Damasco.<\/p>\n<p>????????Empresa de Ferrocarriles rehabilita 22 vagones de carga de fosfato.<\/p>\n<p>Unidades de cuidados intensivos en Damasco est\u00e1n completamente ocupados con enfermos de Covid-19.<\/p>\n<p>????????Tres ni\u00f1os heridos por explosi\u00f3n de mina remanente de terroristas en Hama.<\/p>\n<p>????????Colonos asaltan la mezquita al-Aqsa, y las tropas de ocupaci\u00f3n israel\u00edes arrestan a nueve palestinos en Cisjordania.<\/p>\n<p>????????Bombardeos saud\u00edes dejan a cinco civiles heridos en Saada, Yemen.<\/p>\n<p>????????Ejecutadas al 90% las obras de mantenimiento de la red el\u00e9ctrica en Deraa.<\/p>\n<p>????????Fuerzas iraqu\u00edes arrestan a seis terroristas en diferentes zonas del pa\u00eds.<\/p>\n<p>&nbsp;<\/p>\n","protected":false},"excerpt":{"rendered":"<p>Damasco , SANA ????????Canciller al-Mekdad encabeza delegaci\u00f3n siria en el 76 per\u00edodo de sesiones de la Asamblea General de Naciones Unidas. ????????Siria denuncia violaciones turcas contra su soberan\u00eda durante m\u00e1s de 10 a\u00f1os. ????????Siria e Ir\u00e1n examinan v\u00edas de impulsar la cooperaci\u00f3n econ\u00f3mica y comercial. ????????Siria y China ratifican sus s\u00f3lidas relaciones y sus posturas &hellip;<\/p>\n","protected":false},"author":32,"featured_media":197869,"comment_status":"closed","ping_status":"closed","sticky":false,"template":"","format":"standard","meta":{"footnotes":""},"categories":[447,555,597,476,7541],"tags":[],"class_list":["post-197868","post","type-post","status-publish","format-standard","has-post-thumbnail","","category-local-politica","category-prensa","category-cinta-de-noticias","category-locales","category-ultimas-noticias"],"_links":{"self":[{"href":"https:\/\/archive.sana.sy\/es\/index.php?rest_route=\/wp\/v2\/posts\/197868"}],"collection":[{"href":"https:\/\/archive.sana.sy\/es\/index.php?rest_route=\/wp\/v2\/posts"}],"about":[{"href":"https:\/\/archive.sana.sy\/es\/index.php?rest_route=\/wp\/v2\/types\/post"}],"author":[{"embeddable":true,"href":"https:\/\/archive.sana.sy\/es\/index.php?rest_route=\/wp\/v2\/users\/32"}],"replies":[{"embeddable":true,"href":"https:\/\/archive.sana.sy\/es\/index.php?rest_route=%2Fwp%2Fv2%2Fcomments&post=197868"}],"version-history":[{"count":0,"href":"https:\/\/archive.sana.sy\/es\/index.php?rest_route=\/wp\/v2\/posts\/197868\/revisions"}],"wp:featuredmedia":[{"embeddable":true,"href":"https:\/\/archive.sana.sy\/es\/index.php?rest_route=\/wp\/v2\/media\/197869"}],"wp:attachment":[{"href":"https:\/\/archive.sana.sy\/es\/index.php?rest_route=%2Fwp%2Fv2%2Fmedia&parent=197868"}],"wp:term":[{"taxonomy":"category","embeddable":true,"href":"https:\/\/archive.sana.sy\/es\/index.php?rest_route=%2Fwp%2Fv2%2Fcategories&post=197868"},{"taxonomy":"post_tag","embeddable":true,"href":"https:\/\/archive.sana.sy\/es\/index.php?rest_route=%2Fwp%2Fv2%2Ftags&post=197868"}],"curies":[{"name":"wp","href":"https:\/\/api.w.org\/{rel}","templated":true}]}}