{"id":197872,"date":"2021-09-21T09:53:55","date_gmt":"2021-09-21T06:53:55","guid":{"rendered":"http:\/\/107.6.182.27\/es\/?p=197872"},"modified":"2021-09-21T09:54:29","modified_gmt":"2021-09-21T06:54:29","slug":"caricatura-siria-sobre-realidad-de-medios-audiovisuales-gana-premio-en-una-bienal-en-eslovaquia","status":"publish","type":"post","link":"https:\/\/archive.sana.sy\/es\/?p=197872","title":{"rendered":"Caricatura siria sobre realidad de medios audiovisuales gana premio en una bienal en Eslovaquia"},"content":{"rendered":"<p style=\"text-align: justify;\"><strong><span style=\"color: #800000;\">Damasco, SANA<\/span><\/strong><\/p>\n<p style=\"text-align: justify;\">El caricaturista sirio Raed Khalil, gan\u00f3 el premio especial en la Bienal de Austin en Eslovaquia, el cual cont\u00f3 con la participaci\u00f3n de 258 artistas procedentes de 53 pa\u00edses.<\/p>\n<p style=\"text-align: justify;\">Este reconocimiento lo mereci\u00f3 Khalil por una de sus caricaturas que describe la realidad de los medios de informaci\u00f3n audiovisuales y los intentos de marginaci\u00f3n de la televisi\u00f3n por algunos de los responsables de las nuevas tecnolog\u00edas.<\/p>\n<p style=\"text-align: justify;\">En el festival fueron premiados otros dibujantes de Croacia, Eslovaquia, Brasil, Francia, Rep\u00fablica Checa, Rusia, Cuba y Rusia.<\/p>\n<p style=\"text-align: justify;\">El artista Khalil particip\u00f3 en numerosas exposiciones internacionales y gan\u00f3 numerosos premios y certificados de reconocimiento; y es jefe del Festival Internacional de Siria para la Caricatura.<\/p>\n<p style=\"text-align: justify;\"><span style=\"color: #0000ff;\"><strong>ws\/fm<\/strong><\/span><\/p>\n","protected":false},"excerpt":{"rendered":"<p>Damasco, SANA El caricaturista sirio Raed Khalil, gan\u00f3 el premio especial en la Bienal de Austin en Eslovaquia, el cual cont\u00f3 con la participaci\u00f3n de 258 artistas procedentes de 53 pa\u00edses. Este reconocimiento lo mereci\u00f3 Khalil por una de sus caricaturas que describe la realidad de los medios de informaci\u00f3n audiovisuales y los intentos de &hellip;<\/p>\n","protected":false},"author":35,"featured_media":197874,"comment_status":"closed","ping_status":"closed","sticky":false,"template":"","format":"standard","meta":{"footnotes":""},"categories":[597,476,467,7541],"tags":[],"class_list":["post-197872","post","type-post","status-publish","format-standard","has-post-thumbnail","","category-cinta-de-noticias","category-locales","category-siria-y-el-mundo","category-ultimas-noticias"],"_links":{"self":[{"href":"https:\/\/archive.sana.sy\/es\/index.php?rest_route=\/wp\/v2\/posts\/197872"}],"collection":[{"href":"https:\/\/archive.sana.sy\/es\/index.php?rest_route=\/wp\/v2\/posts"}],"about":[{"href":"https:\/\/archive.sana.sy\/es\/index.php?rest_route=\/wp\/v2\/types\/post"}],"author":[{"embeddable":true,"href":"https:\/\/archive.sana.sy\/es\/index.php?rest_route=\/wp\/v2\/users\/35"}],"replies":[{"embeddable":true,"href":"https:\/\/archive.sana.sy\/es\/index.php?rest_route=%2Fwp%2Fv2%2Fcomments&post=197872"}],"version-history":[{"count":0,"href":"https:\/\/archive.sana.sy\/es\/index.php?rest_route=\/wp\/v2\/posts\/197872\/revisions"}],"wp:featuredmedia":[{"embeddable":true,"href":"https:\/\/archive.sana.sy\/es\/index.php?rest_route=\/wp\/v2\/media\/197874"}],"wp:attachment":[{"href":"https:\/\/archive.sana.sy\/es\/index.php?rest_route=%2Fwp%2Fv2%2Fmedia&parent=197872"}],"wp:term":[{"taxonomy":"category","embeddable":true,"href":"https:\/\/archive.sana.sy\/es\/index.php?rest_route=%2Fwp%2Fv2%2Fcategories&post=197872"},{"taxonomy":"post_tag","embeddable":true,"href":"https:\/\/archive.sana.sy\/es\/index.php?rest_route=%2Fwp%2Fv2%2Ftags&post=197872"}],"curies":[{"name":"wp","href":"https:\/\/api.w.org\/{rel}","templated":true}]}}