{"id":197877,"date":"2021-09-21T12:40:48","date_gmt":"2021-09-21T09:40:48","guid":{"rendered":"http:\/\/107.6.182.27\/es\/?p=197877"},"modified":"2021-09-21T12:40:48","modified_gmt":"2021-09-21T09:40:48","slug":"localidad-de-tel-shehab-se-une-al-proceso-de-reconciliacion-y-los-armados-comienzan-a-deponer-las-armas-fotos","status":"publish","type":"post","link":"https:\/\/archive.sana.sy\/es\/?p=197877","title":{"rendered":"Localidad de Tel Shehab se une al proceso de reconciliaci\u00f3n, y los armados comienzan a deponer las armas (+ fotos)"},"content":{"rendered":"<p><strong><span style=\"color: #800000;\">Deraa, SANA<\/span><\/strong><\/p>\n<p>El acuerdo de reconciliaci\u00f3n planteado por el Estado sirio se est\u00e1 implementando en la localidad de Tel Shehab, en el extremo oeste de la provincia sure\u00f1a de Deraa.<\/p>\n<p>Seg\u00fan reportes del corresponsal de SANA, decenas de armados y pr\u00f3fugos comenzaron a entregarse al Ej\u00e9rcito \u00c1rabe Sirio en un centro establecido en esta localidad.<\/p>\n<p>Tras deponer las armas, los armados ser\u00e1n indultados y su estatus ser\u00e1 normalizado.<\/p>\n<p>En la v\u00edspera, unidades del ej\u00e9rcito se desplegaron en la ciudad de Tafas donde se iz\u00f3 la bandera nacional sobre la sede de la comisar\u00eda de polic\u00eda.<\/p>\n<p><span style=\"color: #0000ff;\"><strong>ws\/fm<\/strong><\/span><\/p>\n","protected":false},"excerpt":{"rendered":"<p>Deraa, SANA El acuerdo de reconciliaci\u00f3n planteado por el Estado sirio se est\u00e1 implementando en la localidad de Tel Shehab, en el extremo oeste de la provincia sure\u00f1a de Deraa. Seg\u00fan reportes del corresponsal de SANA, decenas de armados y pr\u00f3fugos comenzaron a entregarse al Ej\u00e9rcito \u00c1rabe Sirio en un centro establecido en esta localidad. &hellip;<\/p>\n","protected":false},"author":35,"featured_media":0,"comment_status":"closed","ping_status":"closed","sticky":false,"template":"","format":"standard","meta":{"footnotes":""},"categories":[1],"tags":[],"class_list":["post-197877","post","type-post","status-publish","format-standard","","category-news-not-sorted"],"_links":{"self":[{"href":"https:\/\/archive.sana.sy\/es\/index.php?rest_route=\/wp\/v2\/posts\/197877"}],"collection":[{"href":"https:\/\/archive.sana.sy\/es\/index.php?rest_route=\/wp\/v2\/posts"}],"about":[{"href":"https:\/\/archive.sana.sy\/es\/index.php?rest_route=\/wp\/v2\/types\/post"}],"author":[{"embeddable":true,"href":"https:\/\/archive.sana.sy\/es\/index.php?rest_route=\/wp\/v2\/users\/35"}],"replies":[{"embeddable":true,"href":"https:\/\/archive.sana.sy\/es\/index.php?rest_route=%2Fwp%2Fv2%2Fcomments&post=197877"}],"version-history":[{"count":0,"href":"https:\/\/archive.sana.sy\/es\/index.php?rest_route=\/wp\/v2\/posts\/197877\/revisions"}],"wp:attachment":[{"href":"https:\/\/archive.sana.sy\/es\/index.php?rest_route=%2Fwp%2Fv2%2Fmedia&parent=197877"}],"wp:term":[{"taxonomy":"category","embeddable":true,"href":"https:\/\/archive.sana.sy\/es\/index.php?rest_route=%2Fwp%2Fv2%2Fcategories&post=197877"},{"taxonomy":"post_tag","embeddable":true,"href":"https:\/\/archive.sana.sy\/es\/index.php?rest_route=%2Fwp%2Fv2%2Ftags&post=197877"}],"curies":[{"name":"wp","href":"https:\/\/api.w.org\/{rel}","templated":true}]}}