{"id":197919,"date":"2021-09-21T20:36:29","date_gmt":"2021-09-21T17:36:29","guid":{"rendered":"http:\/\/107.6.182.27\/es\/?p=197919"},"modified":"2021-09-21T20:36:43","modified_gmt":"2021-09-21T17:36:43","slug":"siria-participa-en-el-5o-foro-arabe-anual-del-agua-celebrado-en-dubai","status":"publish","type":"post","link":"https:\/\/archive.sana.sy\/es\/?p=197919","title":{"rendered":"Siria participa en el 5\u00ba Foro \u00c1rabe del Agua en Dub\u00e1i"},"content":{"rendered":"<p style=\"text-align: justify\"><span style=\"color: #800000\">Dub\u00e1i, SANA<\/span><\/p>\n<p style=\"text-align: justify\">Se inaugur\u00f3 este martes en Dubai, el 5\u00ba Foro \u00c1rabe Anual del Agua bajo el lema \u201cSeguridad H\u00eddrica \u00c1rabe por la Paz y el Desarrollo Sostenible\u201d con la participaci\u00f3n de una delegaci\u00f3n siria, presidida por el ministro de Recursos H\u00eddricos, Raed Tammam.<\/p>\n<p style=\"text-align: justify\">En el evento se abordar\u00e1n varios temas, en particular las v\u00edas de lograr la seguridad h\u00eddrica, los cambios clim\u00e1ticos y sus efectos en la seguridad h\u00eddrica \u00e1rabe, las tecnolog\u00edas modernas y la gesti\u00f3n eficaz del agua, los recursos h\u00eddricos internacionales y su papel en la consecuci\u00f3n de la paz y el fomento, y los desaf\u00edos que surgen de las aguas y los r\u00edos compartidos.<\/p>\n<p style=\"text-align: justify\">Cabe recordar que las actividades del foro se extender\u00e1n del 21 al 23 de septiembre de 2021.<\/p>\n<p style=\"text-align: justify\"><span style=\"color: #0000ff\"><em><strong>la<\/strong><\/em><\/span><\/p>\n","protected":false},"excerpt":{"rendered":"<p>Dub\u00e1i, SANA Se inaugur\u00f3 este martes en Dubai, el 5\u00ba Foro \u00c1rabe Anual del Agua bajo el lema \u201cSeguridad H\u00eddrica \u00c1rabe por la Paz y el Desarrollo Sostenible\u201d con la participaci\u00f3n de una delegaci\u00f3n siria, presidida por el ministro de Recursos H\u00eddricos, Raed Tammam. En el evento se abordar\u00e1n varios temas, en particular las v\u00edas &hellip;<\/p>\n","protected":false},"author":24,"featured_media":197920,"comment_status":"closed","ping_status":"closed","sticky":false,"template":"","format":"standard","meta":{"footnotes":""},"categories":[597,467,7541],"tags":[],"class_list":["post-197919","post","type-post","status-publish","format-standard","has-post-thumbnail","","category-cinta-de-noticias","category-siria-y-el-mundo","category-ultimas-noticias"],"_links":{"self":[{"href":"https:\/\/archive.sana.sy\/es\/index.php?rest_route=\/wp\/v2\/posts\/197919"}],"collection":[{"href":"https:\/\/archive.sana.sy\/es\/index.php?rest_route=\/wp\/v2\/posts"}],"about":[{"href":"https:\/\/archive.sana.sy\/es\/index.php?rest_route=\/wp\/v2\/types\/post"}],"author":[{"embeddable":true,"href":"https:\/\/archive.sana.sy\/es\/index.php?rest_route=\/wp\/v2\/users\/24"}],"replies":[{"embeddable":true,"href":"https:\/\/archive.sana.sy\/es\/index.php?rest_route=%2Fwp%2Fv2%2Fcomments&post=197919"}],"version-history":[{"count":0,"href":"https:\/\/archive.sana.sy\/es\/index.php?rest_route=\/wp\/v2\/posts\/197919\/revisions"}],"wp:featuredmedia":[{"embeddable":true,"href":"https:\/\/archive.sana.sy\/es\/index.php?rest_route=\/wp\/v2\/media\/197920"}],"wp:attachment":[{"href":"https:\/\/archive.sana.sy\/es\/index.php?rest_route=%2Fwp%2Fv2%2Fmedia&parent=197919"}],"wp:term":[{"taxonomy":"category","embeddable":true,"href":"https:\/\/archive.sana.sy\/es\/index.php?rest_route=%2Fwp%2Fv2%2Fcategories&post=197919"},{"taxonomy":"post_tag","embeddable":true,"href":"https:\/\/archive.sana.sy\/es\/index.php?rest_route=%2Fwp%2Fv2%2Ftags&post=197919"}],"curies":[{"name":"wp","href":"https:\/\/api.w.org\/{rel}","templated":true}]}}