{"id":19792,"date":"2015-03-19T16:57:45","date_gmt":"2015-03-19T14:57:45","guid":{"rendered":"http:\/\/www.sana.sy\/es\/?p=19792"},"modified":"2023-01-09T14:10:16","modified_gmt":"2023-01-09T12:10:16","slug":"homenajeadas-madres-de-martires-del-ejercito-en-tartous-con-motivo-del-dia-de-la-madre","status":"publish","type":"post","link":"https:\/\/archive.sana.sy\/es\/?p=19792","title":{"rendered":"Homenajeadas madres de m\u00e1rtires del ej\u00e9rcito en Tartous con motivo del D\u00eda de la Madre"},"content":{"rendered":"<p>Tartous, SANA<\/p>\n<p>Con motivo del D\u00eda de la Madre (\u00e1rabe), la Gobernaci\u00f3n de la provincia costera de Tartous ha homenajeado este jueves a 21 madres de m\u00e1rtires del ej\u00e9rcito y las fuerzas armadas.<\/p>\n<p><img loading=\"lazy\" decoding=\"async\" class=\"aligncenter size-medium wp-image-19793\" src=\"http:\/\/www.sana.sy\/es\/wp-content\/uploads\/2015\/03\/homenajear-a-madres-300x160.jpg\" alt=\"homenajear a madres\" width=\"300\" height=\"160\" srcset=\"https:\/\/archive.sana.sy\/es\/wp-content\/uploads\/2015\/03\/homenajear-a-madres-300x160.jpg 300w, https:\/\/archive.sana.sy\/es\/wp-content\/uploads\/2015\/03\/homenajear-a-madres-150x80.jpg 150w, https:\/\/archive.sana.sy\/es\/wp-content\/uploads\/2015\/03\/homenajear-a-madres.jpg 620w\" sizes=\"(max-width: 300px) 100vw, 300px\" \/><\/p>\n<p>Las madres homenajeadas expresaron su orgullo por los sacrificios ofrecidos por sus hijos, manifestando su disposici\u00f3n de hacer m\u00e1s sacrificios para mantener la dignidad y soberan\u00eda de la patria.<\/p>\n<p>Es de se\u00f1alar que el D\u00eda de la Madre \u00e1rabe coincide el 21 de marzo.<br \/>\nLynn A.<\/p>\n","protected":false},"excerpt":{"rendered":"<p>Tartous, SANA Con motivo del D\u00eda de la Madre (\u00e1rabe), la Gobernaci\u00f3n de la provincia costera de Tartous ha homenajeado este jueves a 21 madres de m\u00e1rtires del ej\u00e9rcito y las fuerzas armadas. Las madres homenajeadas expresaron su orgullo por los sacrificios ofrecidos por sus hijos, manifestando su disposici\u00f3n de hacer m\u00e1s sacrificios para mantener &hellip;<\/p>\n","protected":false},"author":24,"featured_media":19794,"comment_status":"closed","ping_status":"closed","sticky":false,"template":"","format":"standard","meta":{"footnotes":""},"categories":[476],"tags":[4482],"class_list":["post-19792","post","type-post","status-publish","format-standard","has-post-thumbnail","","category-locales","tag-homenajeadas-madres-de-martires-del-ejercito-en-tartous-con-motivo-del-dia-de-la-madre"],"_links":{"self":[{"href":"https:\/\/archive.sana.sy\/es\/index.php?rest_route=\/wp\/v2\/posts\/19792"}],"collection":[{"href":"https:\/\/archive.sana.sy\/es\/index.php?rest_route=\/wp\/v2\/posts"}],"about":[{"href":"https:\/\/archive.sana.sy\/es\/index.php?rest_route=\/wp\/v2\/types\/post"}],"author":[{"embeddable":true,"href":"https:\/\/archive.sana.sy\/es\/index.php?rest_route=\/wp\/v2\/users\/24"}],"replies":[{"embeddable":true,"href":"https:\/\/archive.sana.sy\/es\/index.php?rest_route=%2Fwp%2Fv2%2Fcomments&post=19792"}],"version-history":[{"count":0,"href":"https:\/\/archive.sana.sy\/es\/index.php?rest_route=\/wp\/v2\/posts\/19792\/revisions"}],"wp:featuredmedia":[{"embeddable":true,"href":"https:\/\/archive.sana.sy\/es\/index.php?rest_route=\/wp\/v2\/media\/19794"}],"wp:attachment":[{"href":"https:\/\/archive.sana.sy\/es\/index.php?rest_route=%2Fwp%2Fv2%2Fmedia&parent=19792"}],"wp:term":[{"taxonomy":"category","embeddable":true,"href":"https:\/\/archive.sana.sy\/es\/index.php?rest_route=%2Fwp%2Fv2%2Fcategories&post=19792"},{"taxonomy":"post_tag","embeddable":true,"href":"https:\/\/archive.sana.sy\/es\/index.php?rest_route=%2Fwp%2Fv2%2Ftags&post=19792"}],"curies":[{"name":"wp","href":"https:\/\/api.w.org\/{rel}","templated":true}]}}