{"id":197926,"date":"2021-09-21T21:09:40","date_gmt":"2021-09-21T18:09:40","guid":{"rendered":"http:\/\/107.6.182.27\/es\/?p=197926"},"modified":"2023-01-10T15:13:45","modified_gmt":"2023-01-10T13:13:45","slug":"llaman-a-reactivar-el-consejo-de-empresarios-sirio-brasilenos","status":"publish","type":"post","link":"https:\/\/archive.sana.sy\/es\/?p=197926","title":{"rendered":"Siria llama a empresas brasile\u00f1as a participar en la reconstrucci\u00f3n"},"content":{"rendered":"<p><strong><span style=\"color: #800000;\">Damasco, SANA<\/span><\/strong><\/p>\n<p style=\"text-align: justify;\">El presidente de la Federaci\u00f3n de C\u00e1maras Sirias de Comercio, Muhammad Abu Al-Huda al-Laham, abord\u00f3 con el embajador brasile\u00f1o en Siria, Fabio Vaz Petaluka, varios temas relativos a la activaci\u00f3n del Consejo de Empresarios Sirio-Brasile\u00f1o, impulsar los empresarios de los dos pa\u00edses para establecer asociaciones y aumentar el volumen de intercambio comercial.<\/p>\n<p style=\"text-align: justify;\">Durante una reuni\u00f3n celebrada en la sede de la C\u00e1mara de Comercio de Damasco, al-Lahham llam\u00f3 a las empresas brasile\u00f1as a contribuir al proceso de reconstrucci\u00f3n de Siria y beneficiarse de las facilidades que concede la Ley de Inversiones No. 18 de 2021.<\/p>\n<p style=\"text-align: justify;\">Asimismo, se refiri\u00f3 a la necesidad de que empresas sirias y brasile\u00f1as participen en las exposiciones realizadas en ambos pa\u00edses, y destac\u00f3 el papel de la gran comunidad siria en Brasil en la reactivaci\u00f3n de los intercambios comerciales entre las dos naciones.<\/p>\n<p style=\"text-align: justify;\">Por su parte, el embajador Petaluka recalc\u00f3 la importancia de reactivar el Consejo de Empresarios Sirio-Brasile\u00f1os, que entr\u00f3 en vigencia antes de 2010, adem\u00e1s invit\u00f3 a las empresas sirias a participar en pr\u00f3xima Feria de Alimentos de Sao Paulo.<\/p>\n<p><strong><span style=\"color: #0000ff;\">mm\/fm<\/span><\/strong><\/p>\n","protected":false},"excerpt":{"rendered":"<p>Damasco, SANA El presidente de la Federaci\u00f3n de C\u00e1maras Sirias de Comercio, Muhammad Abu Al-Huda al-Laham, abord\u00f3 con el embajador brasile\u00f1o en Siria, Fabio Vaz Petaluka, varios temas relativos a la activaci\u00f3n del Consejo de Empresarios Sirio-Brasile\u00f1o, impulsar los empresarios de los dos pa\u00edses para establecer asociaciones y aumentar el volumen de intercambio comercial. Durante &hellip;<\/p>\n","protected":false},"author":36,"featured_media":197927,"comment_status":"closed","ping_status":"closed","sticky":false,"template":"","format":"standard","meta":{"footnotes":""},"categories":[477,597,16686,485,7541],"tags":[],"class_list":["post-197926","post","type-post","status-publish","format-standard","has-post-thumbnail","","category-noticias-edulcorantes","category-cinta-de-noticias","category-economia","category-informes-negocios-y-finanzas","category-ultimas-noticias"],"_links":{"self":[{"href":"https:\/\/archive.sana.sy\/es\/index.php?rest_route=\/wp\/v2\/posts\/197926"}],"collection":[{"href":"https:\/\/archive.sana.sy\/es\/index.php?rest_route=\/wp\/v2\/posts"}],"about":[{"href":"https:\/\/archive.sana.sy\/es\/index.php?rest_route=\/wp\/v2\/types\/post"}],"author":[{"embeddable":true,"href":"https:\/\/archive.sana.sy\/es\/index.php?rest_route=\/wp\/v2\/users\/36"}],"replies":[{"embeddable":true,"href":"https:\/\/archive.sana.sy\/es\/index.php?rest_route=%2Fwp%2Fv2%2Fcomments&post=197926"}],"version-history":[{"count":0,"href":"https:\/\/archive.sana.sy\/es\/index.php?rest_route=\/wp\/v2\/posts\/197926\/revisions"}],"wp:featuredmedia":[{"embeddable":true,"href":"https:\/\/archive.sana.sy\/es\/index.php?rest_route=\/wp\/v2\/media\/197927"}],"wp:attachment":[{"href":"https:\/\/archive.sana.sy\/es\/index.php?rest_route=%2Fwp%2Fv2%2Fmedia&parent=197926"}],"wp:term":[{"taxonomy":"category","embeddable":true,"href":"https:\/\/archive.sana.sy\/es\/index.php?rest_route=%2Fwp%2Fv2%2Fcategories&post=197926"},{"taxonomy":"post_tag","embeddable":true,"href":"https:\/\/archive.sana.sy\/es\/index.php?rest_route=%2Fwp%2Fv2%2Ftags&post=197926"}],"curies":[{"name":"wp","href":"https:\/\/api.w.org\/{rel}","templated":true}]}}