{"id":197944,"date":"2021-09-22T06:44:25","date_gmt":"2021-09-22T03:44:25","guid":{"rendered":"http:\/\/107.6.182.27\/es\/?p=197944"},"modified":"2023-01-10T14:26:10","modified_gmt":"2023-01-10T12:26:10","slug":"es-necesaria-la-retirada-de-las-fuerzas-de-ocupacion-estadounidenses-de-siria-reitera-moscu","status":"publish","type":"post","link":"https:\/\/archive.sana.sy\/es\/?p=197944","title":{"rendered":"Es necesaria la retirada de las fuerzas de ocupaci\u00f3n estadounidenses de Siria, reitera Mosc\u00fa"},"content":{"rendered":"<p style=\"text-align: justify;\"><span style=\"color: #800000;\"><strong>Nueva York, SANA<\/strong><\/span><\/p>\n<p style=\"text-align: justify;\">El representante permanente de Rusia ante las Naciones Unidas, Vasily Nebenzia, reiter\u00f3 el llamado de su pa\u00eds a la necesidad de la retirada de las fuerzas de ocupaci\u00f3n estadounidenses del territorio sirio.<\/p>\n<p style=\"text-align: justify;\">La postura del delegado ruso fue manifestada en su comentario sobre el discurso del presidente de Estados Unidos, Joe Biden, ante la Asamblea General de las Naciones Unidas, y en el que consider\u00f3 que el uso de la fuerza militar es el \u00faltimo recurso al que acude su pa\u00eds.<\/p>\n<p style=\"text-align: justify;\">En una entrevista con el Canal I de la televisi\u00f3n rusa, Nebenzia se\u00f1al\u00f3 que &#8220;esta opini\u00f3n debe ser aplicada en la pr\u00e1ctica con la retirada de las tropas de Estados Unidos presentes ilegalmente en Siria&#8221;.<\/p>\n<p style=\"text-align: justify;\">El delegado ruso se\u00f1al\u00f3 que todo lo que dijo el presidente de Estados Unidos debe ser probado con acciones, no con palabras.<\/p>\n<p style=\"text-align: justify;\"><strong><span style=\"color: #0000ff;\">fm<\/span><\/strong><\/p>\n","protected":false},"excerpt":{"rendered":"<p>Nueva York, SANA El representante permanente de Rusia ante las Naciones Unidas, Vasily Nebenzia, reiter\u00f3 el llamado de su pa\u00eds a la necesidad de la retirada de las fuerzas de ocupaci\u00f3n estadounidenses del territorio sirio. La postura del delegado ruso fue manifestada en su comentario sobre el discurso del presidente de Estados Unidos, Joe Biden, &hellip;<\/p>\n","protected":false},"author":34,"featured_media":197945,"comment_status":"closed","ping_status":"closed","sticky":false,"template":"","format":"standard","meta":{"footnotes":""},"categories":[447,477,597,476,457,467,7541],"tags":[],"class_list":["post-197944","post","type-post","status-publish","format-standard","has-post-thumbnail","","category-local-politica","category-noticias-edulcorantes","category-cinta-de-noticias","category-locales","category-noticias-arabe-internacional-politica","category-siria-y-el-mundo","category-ultimas-noticias"],"_links":{"self":[{"href":"https:\/\/archive.sana.sy\/es\/index.php?rest_route=\/wp\/v2\/posts\/197944"}],"collection":[{"href":"https:\/\/archive.sana.sy\/es\/index.php?rest_route=\/wp\/v2\/posts"}],"about":[{"href":"https:\/\/archive.sana.sy\/es\/index.php?rest_route=\/wp\/v2\/types\/post"}],"author":[{"embeddable":true,"href":"https:\/\/archive.sana.sy\/es\/index.php?rest_route=\/wp\/v2\/users\/34"}],"replies":[{"embeddable":true,"href":"https:\/\/archive.sana.sy\/es\/index.php?rest_route=%2Fwp%2Fv2%2Fcomments&post=197944"}],"version-history":[{"count":0,"href":"https:\/\/archive.sana.sy\/es\/index.php?rest_route=\/wp\/v2\/posts\/197944\/revisions"}],"wp:featuredmedia":[{"embeddable":true,"href":"https:\/\/archive.sana.sy\/es\/index.php?rest_route=\/wp\/v2\/media\/197945"}],"wp:attachment":[{"href":"https:\/\/archive.sana.sy\/es\/index.php?rest_route=%2Fwp%2Fv2%2Fmedia&parent=197944"}],"wp:term":[{"taxonomy":"category","embeddable":true,"href":"https:\/\/archive.sana.sy\/es\/index.php?rest_route=%2Fwp%2Fv2%2Fcategories&post=197944"},{"taxonomy":"post_tag","embeddable":true,"href":"https:\/\/archive.sana.sy\/es\/index.php?rest_route=%2Fwp%2Fv2%2Ftags&post=197944"}],"curies":[{"name":"wp","href":"https:\/\/api.w.org\/{rel}","templated":true}]}}