{"id":197948,"date":"2021-09-22T07:18:54","date_gmt":"2021-09-22T04:18:54","guid":{"rendered":"http:\/\/107.6.182.27\/es\/?p=197948"},"modified":"2023-01-10T14:26:09","modified_gmt":"2023-01-10T12:26:09","slug":"estados-unidos-alienta-el-terrorismo-por-un-lado-y-alega-combatirlo-por-el-otro-denuncia-raisi-ante-la-onu","status":"publish","type":"post","link":"https:\/\/archive.sana.sy\/es\/?p=197948","title":{"rendered":"Estados Unidos alienta el terrorismo por un lado y alega combatirlo por el otro, denuncia Raisi ante la ONU"},"content":{"rendered":"<p style=\"text-align: justify;\"><span style=\"color: #800000;\"><strong>Teher\u00e1n, SANA<\/strong><\/span><\/p>\n<p style=\"text-align: justify;\">El presidente iran\u00ed, Ebrahim Raisi, destac\u00f3 que la presencia de las fuerzas de ocupaci\u00f3n estadounidenses en los territorios de Siria e Irak obstaculiza la democracia y la voluntad de progreso de los pueblos.<\/p>\n<p style=\"text-align: justify;\">\u201cLa presencia estadounidense en Siria e Irak constituye el mayor obst\u00e1culo para lograr la democracia\u201d, dijo Raisi en un discurso pronunciado por videoconferencia ante la 76\u00aa sesi\u00f3n anual de la Asamblea General de las Naciones Unidas.<\/p>\n<p style=\"text-align: justify;\">Explic\u00f3 que &#8220;los pueblos en Palestina, Siria, Yemen y Afganist\u00e1n est\u00e1n pagando el precio por la imprudencia de los funcionarios estadounidenses y sus l\u00edderes&#8221;.<\/p>\n<p style=\"text-align: justify;\">Seg\u00fan el mandatario , Estados Unidos alienta el terrorismo por un lado y alega combatirlo por el otro, y enfatiz\u00f3 que Washington no sali\u00f3 de Irak y Afganist\u00e1n, sino que fue expulsado de all\u00ed.<\/p>\n<p style=\"text-align: justify;\">Los acontecimientos en la regi\u00f3n muestran la derrota del proyecto de imposici\u00f3n de la identidad occidental.<\/p>\n<p style=\"text-align: justify;\"><span style=\"color: #0000ff;\"><strong>fm<\/strong><\/span><\/p>\n","protected":false},"excerpt":{"rendered":"<p>Teher\u00e1n, SANA El presidente iran\u00ed, Ebrahim Raisi, destac\u00f3 que la presencia de las fuerzas de ocupaci\u00f3n estadounidenses en los territorios de Siria e Irak obstaculiza la democracia y la voluntad de progreso de los pueblos. \u201cLa presencia estadounidense en Siria e Irak constituye el mayor obst\u00e1culo para lograr la democracia\u201d, dijo Raisi en un discurso &hellip;<\/p>\n","protected":false},"author":34,"featured_media":197949,"comment_status":"closed","ping_status":"closed","sticky":false,"template":"","format":"standard","meta":{"footnotes":""},"categories":[477,447,597,467,7541],"tags":[],"class_list":["post-197948","post","type-post","status-publish","format-standard","has-post-thumbnail","","category-noticias-edulcorantes","category-local-politica","category-cinta-de-noticias","category-siria-y-el-mundo","category-ultimas-noticias"],"_links":{"self":[{"href":"https:\/\/archive.sana.sy\/es\/index.php?rest_route=\/wp\/v2\/posts\/197948"}],"collection":[{"href":"https:\/\/archive.sana.sy\/es\/index.php?rest_route=\/wp\/v2\/posts"}],"about":[{"href":"https:\/\/archive.sana.sy\/es\/index.php?rest_route=\/wp\/v2\/types\/post"}],"author":[{"embeddable":true,"href":"https:\/\/archive.sana.sy\/es\/index.php?rest_route=\/wp\/v2\/users\/34"}],"replies":[{"embeddable":true,"href":"https:\/\/archive.sana.sy\/es\/index.php?rest_route=%2Fwp%2Fv2%2Fcomments&post=197948"}],"version-history":[{"count":0,"href":"https:\/\/archive.sana.sy\/es\/index.php?rest_route=\/wp\/v2\/posts\/197948\/revisions"}],"wp:featuredmedia":[{"embeddable":true,"href":"https:\/\/archive.sana.sy\/es\/index.php?rest_route=\/wp\/v2\/media\/197949"}],"wp:attachment":[{"href":"https:\/\/archive.sana.sy\/es\/index.php?rest_route=%2Fwp%2Fv2%2Fmedia&parent=197948"}],"wp:term":[{"taxonomy":"category","embeddable":true,"href":"https:\/\/archive.sana.sy\/es\/index.php?rest_route=%2Fwp%2Fv2%2Fcategories&post=197948"},{"taxonomy":"post_tag","embeddable":true,"href":"https:\/\/archive.sana.sy\/es\/index.php?rest_route=%2Fwp%2Fv2%2Ftags&post=197948"}],"curies":[{"name":"wp","href":"https:\/\/api.w.org\/{rel}","templated":true}]}}