{"id":197951,"date":"2021-09-22T07:43:27","date_gmt":"2021-09-22T04:43:27","guid":{"rendered":"http:\/\/107.6.182.27\/es\/?p=197951"},"modified":"2021-09-22T07:43:27","modified_gmt":"2021-09-22T04:43:27","slug":"periodistas-de-siria-debaten-nuevo-proyecto-de-ley-de-medios-de-comunicacion","status":"publish","type":"post","link":"https:\/\/archive.sana.sy\/es\/?p=197951","title":{"rendered":"Periodistas de Siria debaten nuevo proyecto de ley de medios de comunicaci\u00f3n"},"content":{"rendered":"<p><span style=\"color: #800000;\"><strong>Damasco, SANA<\/strong><\/span><\/p>\n<p>El Ministerio de Informaci\u00f3n de Siria trabaja actualmente en la redacci\u00f3n de un nuevo proyecto de ley de medios de comunicaci\u00f3n que toma en cuenta las necesidades de desarrollar la ley en vigor.<\/p>\n<p>El nuevo proyecto de legislaci\u00f3n toma en cuenta los desarrollos que presenci\u00f3 la prensa siria en los \u00faltimos a\u00f1os, ya sea en t\u00e9rminos de herramientas o de contenido.<\/p>\n<p>El Ministerio organiz\u00f3 varios talleres en los que periodistas y especialistas en el sector de los medios p\u00fablicos y privados participan en plantear observaciones, ideas y propuestas sobre el nuevo proyecto de ley y lo que podr\u00eda contener de art\u00edculos y textos legales que ayudan a los medios de comunicaci\u00f3n en Siria a ser m\u00e1s creativos y organizados al mismo tiempo.<\/p>\n<p><span style=\"color: #0000ff;\"><strong>fm<\/strong><\/span><\/p>\n","protected":false},"excerpt":{"rendered":"<p>Damasco, SANA El Ministerio de Informaci\u00f3n de Siria trabaja actualmente en la redacci\u00f3n de un nuevo proyecto de ley de medios de comunicaci\u00f3n que toma en cuenta las necesidades de desarrollar la ley en vigor. El nuevo proyecto de legislaci\u00f3n toma en cuenta los desarrollos que presenci\u00f3 la prensa siria en los \u00faltimos a\u00f1os, ya &hellip;<\/p>\n","protected":false},"author":34,"featured_media":197952,"comment_status":"closed","ping_status":"closed","sticky":false,"template":"","format":"standard","meta":{"footnotes":""},"categories":[447,477,597,476,457,7541],"tags":[],"class_list":["post-197951","post","type-post","status-publish","format-standard","has-post-thumbnail","","category-local-politica","category-noticias-edulcorantes","category-cinta-de-noticias","category-locales","category-noticias-arabe-internacional-politica","category-ultimas-noticias"],"_links":{"self":[{"href":"https:\/\/archive.sana.sy\/es\/index.php?rest_route=\/wp\/v2\/posts\/197951"}],"collection":[{"href":"https:\/\/archive.sana.sy\/es\/index.php?rest_route=\/wp\/v2\/posts"}],"about":[{"href":"https:\/\/archive.sana.sy\/es\/index.php?rest_route=\/wp\/v2\/types\/post"}],"author":[{"embeddable":true,"href":"https:\/\/archive.sana.sy\/es\/index.php?rest_route=\/wp\/v2\/users\/34"}],"replies":[{"embeddable":true,"href":"https:\/\/archive.sana.sy\/es\/index.php?rest_route=%2Fwp%2Fv2%2Fcomments&post=197951"}],"version-history":[{"count":0,"href":"https:\/\/archive.sana.sy\/es\/index.php?rest_route=\/wp\/v2\/posts\/197951\/revisions"}],"wp:featuredmedia":[{"embeddable":true,"href":"https:\/\/archive.sana.sy\/es\/index.php?rest_route=\/wp\/v2\/media\/197952"}],"wp:attachment":[{"href":"https:\/\/archive.sana.sy\/es\/index.php?rest_route=%2Fwp%2Fv2%2Fmedia&parent=197951"}],"wp:term":[{"taxonomy":"category","embeddable":true,"href":"https:\/\/archive.sana.sy\/es\/index.php?rest_route=%2Fwp%2Fv2%2Fcategories&post=197951"},{"taxonomy":"post_tag","embeddable":true,"href":"https:\/\/archive.sana.sy\/es\/index.php?rest_route=%2Fwp%2Fv2%2Ftags&post=197951"}],"curies":[{"name":"wp","href":"https:\/\/api.w.org\/{rel}","templated":true}]}}