{"id":197956,"date":"2021-09-22T08:44:45","date_gmt":"2021-09-22T05:44:45","guid":{"rendered":"http:\/\/107.6.182.27\/es\/?p=197956"},"modified":"2023-01-10T15:33:14","modified_gmt":"2023-01-10T13:33:14","slug":"titulares-de-la-agencia-sana-22-de-septiembre-2021","status":"publish","type":"post","link":"https:\/\/archive.sana.sy\/es\/?p=197956","title":{"rendered":"Titulares de la agencia SANA, 22 de septiembre 2021"},"content":{"rendered":"<p><strong><span style=\"color: #800000;\">Damasco , SANA\u00a0<\/span><\/strong><\/p>\n<p>????Localidad de Tel Shehab se une al proceso de reconciliaci\u00f3n, y los armados comienzan a deponer las armas (+ fotos).<\/p>\n<p>????Bogdanov examina con delegaci\u00f3n parlamentaria siria las relaciones entre Rusia y Siria.<\/p>\n<p>????Siria participa en el 5\u00ba Foro \u00c1rabe del Agua en Dub\u00e1i.<\/p>\n<p>????En el 30\u00ba aniversario de su independencia, Armenia mantiene s\u00f3lidas relaciones de amistad con Siria.<\/p>\n<p>????Canciller ruso aborda con jefes de las misiones diplom\u00e1ticas europeas la situaci\u00f3n en Siria.<\/p>\n<p>????Es necesaria la retirada de las fuerzas de ocupaci\u00f3n estadounidenses de Siria, reitera Mosc\u00fa.<\/p>\n<p>????Siria llama a empresas brasile\u00f1as a participar en la reconstrucci\u00f3n.<\/p>\n<p>????Siria participa en 76\u00ba per\u00edodo de sesiones de la Asamblea General de la ONU.<\/p>\n<p>????Milicia proestadounidense FDS se apoder\u00f3 de 2000 escuelas y convirti\u00f3 a algunas en cuarteles militares.<\/p>\n<p>????Caricatura siria sobre realidad de medios audiovisuales gana premio en una bienal en Eslovaquia.<\/p>\n<p>???? Contin\u00faan trabajos de mantenimiento de la red el\u00e9ctrica en Deraa al-Balad.<\/p>\n<p>????Periodistas de Siria debaten nuevo proyecto de ley de medios de comunicaci\u00f3n.<\/p>\n<p>????Tras Afganist\u00e1n, la hora de Siria.<\/p>\n<p>????Siria reporta la cifra diaria m\u00e1s alta de contagios por la Covid-19 desde marzo de 2020.<\/p>\n<p>????Estados Unidos alienta el terrorismo por un lado y alega combatirlo por el otro, denuncia Raisi ante la ONU.<\/p>\n<p>????Arsenal nuclear israel\u00ed representa amenaza para la paz y la seguridad regionales e internacionales, denuncia Siria.<\/p>\n<p>????Ej\u00e9rcito liban\u00e9s neutraliza una c\u00e9lula terrorista pro DAESH en Tr\u00edpoli.<\/p>\n","protected":false},"excerpt":{"rendered":"<p>Damasco , SANA\u00a0 ????Localidad de Tel Shehab se une al proceso de reconciliaci\u00f3n, y los armados comienzan a deponer las armas (+ fotos). ????Bogdanov examina con delegaci\u00f3n parlamentaria siria las relaciones entre Rusia y Siria. ????Siria participa en el 5\u00ba Foro \u00c1rabe del Agua en Dub\u00e1i. ????En el 30\u00ba aniversario de su independencia, Armenia mantiene &hellip;<\/p>\n","protected":false},"author":35,"featured_media":197957,"comment_status":"closed","ping_status":"closed","sticky":false,"template":"","format":"standard","meta":{"footnotes":""},"categories":[447,555,597,476,7541],"tags":[],"class_list":["post-197956","post","type-post","status-publish","format-standard","has-post-thumbnail","","category-local-politica","category-prensa","category-cinta-de-noticias","category-locales","category-ultimas-noticias"],"_links":{"self":[{"href":"https:\/\/archive.sana.sy\/es\/index.php?rest_route=\/wp\/v2\/posts\/197956"}],"collection":[{"href":"https:\/\/archive.sana.sy\/es\/index.php?rest_route=\/wp\/v2\/posts"}],"about":[{"href":"https:\/\/archive.sana.sy\/es\/index.php?rest_route=\/wp\/v2\/types\/post"}],"author":[{"embeddable":true,"href":"https:\/\/archive.sana.sy\/es\/index.php?rest_route=\/wp\/v2\/users\/35"}],"replies":[{"embeddable":true,"href":"https:\/\/archive.sana.sy\/es\/index.php?rest_route=%2Fwp%2Fv2%2Fcomments&post=197956"}],"version-history":[{"count":0,"href":"https:\/\/archive.sana.sy\/es\/index.php?rest_route=\/wp\/v2\/posts\/197956\/revisions"}],"wp:featuredmedia":[{"embeddable":true,"href":"https:\/\/archive.sana.sy\/es\/index.php?rest_route=\/wp\/v2\/media\/197957"}],"wp:attachment":[{"href":"https:\/\/archive.sana.sy\/es\/index.php?rest_route=%2Fwp%2Fv2%2Fmedia&parent=197956"}],"wp:term":[{"taxonomy":"category","embeddable":true,"href":"https:\/\/archive.sana.sy\/es\/index.php?rest_route=%2Fwp%2Fv2%2Fcategories&post=197956"},{"taxonomy":"post_tag","embeddable":true,"href":"https:\/\/archive.sana.sy\/es\/index.php?rest_route=%2Fwp%2Fv2%2Ftags&post=197956"}],"curies":[{"name":"wp","href":"https:\/\/api.w.org\/{rel}","templated":true}]}}