{"id":197959,"date":"2021-09-22T09:00:18","date_gmt":"2021-09-22T06:00:18","guid":{"rendered":"http:\/\/107.6.182.27\/es\/?p=197959"},"modified":"2021-09-22T09:00:18","modified_gmt":"2021-09-22T06:00:18","slug":"cancilleres-de-siria-y-cuba-sostienen-reunion-bilateral-en-nueva-york-y-condenan-injerencia-en-asuntos-de-paises-soberanos","status":"publish","type":"post","link":"https:\/\/archive.sana.sy\/es\/?p=197959","title":{"rendered":"Cancilleres de Siria y Cuba sostienen reuni\u00f3n bilateral en Nueva York y condenan injerencia en asuntos de pa\u00edses soberanos"},"content":{"rendered":"<p style=\"text-align: justify;\"><strong><span style=\"color: #800000;\">Nueva York, SANA<\/span><\/strong><\/p>\n<p style=\"text-align: justify;\">El ministro de Exteriores y Expatriados, Faisal al-Mekdad, sostuvo hoy en Nueva York, un encuentro con su hom\u00f3logo de Cuba, Bruno Rodr\u00edguez, al margen del 76\u00ba per\u00edodo de sesiones de la Asamblea General de las Naciones Unidas.<\/p>\n<p style=\"text-align: justify;\">Los dos ministros repasaron las v\u00edas para impulsar las relaciones bilaterales entre los dos pa\u00edses amigos, y la coordinaci\u00f3n conjunta sobre los temas de la agenda de las sesiones de la Asamblea General.<\/p>\n<p style=\"text-align: justify;\">Ambos cancilleres coincidieron en la necesidad de mejorar la coordinaci\u00f3n entre Siria, Cuba y el resto de los pa\u00edses amigos para enfrentar todos los intentos de injerencia externa en los asuntos internos de los Estados miembros.<\/p>\n<p style=\"text-align: justify;\">Adem\u00e1s, condenaron todas las formas de bloqueo y las medidas coercitivas unilaterales inhumanas impuestas por algunos pa\u00edses, y destacaron la necesidad de levantarlas de inmediato, dados sus efectos desastrosos en los pueblos afectados, incluidos los pueblos sirio y cubano, especialmente a la luz de la pandemia Covid-19.<\/p>\n<p style=\"text-align: justify;\">Afirmaron que esas medidas unilaterales violan el derecho internacional y las disposiciones de la Carta de las Naciones Unidas.<\/p>\n<p style=\"text-align: justify;\"><span style=\"color: #0000ff;\"><strong>fm\/ws<\/strong><\/span><\/p>\n","protected":false},"excerpt":{"rendered":"<p>Nueva York, SANA El ministro de Exteriores y Expatriados, Faisal al-Mekdad, sostuvo hoy en Nueva York, un encuentro con su hom\u00f3logo de Cuba, Bruno Rodr\u00edguez, al margen del 76\u00ba per\u00edodo de sesiones de la Asamblea General de las Naciones Unidas. Los dos ministros repasaron las v\u00edas para impulsar las relaciones bilaterales entre los dos pa\u00edses &hellip;<\/p>\n","protected":false},"author":35,"featured_media":0,"comment_status":"closed","ping_status":"closed","sticky":false,"template":"","format":"standard","meta":{"footnotes":""},"categories":[1],"tags":[],"class_list":["post-197959","post","type-post","status-publish","format-standard","","category-news-not-sorted"],"_links":{"self":[{"href":"https:\/\/archive.sana.sy\/es\/index.php?rest_route=\/wp\/v2\/posts\/197959"}],"collection":[{"href":"https:\/\/archive.sana.sy\/es\/index.php?rest_route=\/wp\/v2\/posts"}],"about":[{"href":"https:\/\/archive.sana.sy\/es\/index.php?rest_route=\/wp\/v2\/types\/post"}],"author":[{"embeddable":true,"href":"https:\/\/archive.sana.sy\/es\/index.php?rest_route=\/wp\/v2\/users\/35"}],"replies":[{"embeddable":true,"href":"https:\/\/archive.sana.sy\/es\/index.php?rest_route=%2Fwp%2Fv2%2Fcomments&post=197959"}],"version-history":[{"count":0,"href":"https:\/\/archive.sana.sy\/es\/index.php?rest_route=\/wp\/v2\/posts\/197959\/revisions"}],"wp:attachment":[{"href":"https:\/\/archive.sana.sy\/es\/index.php?rest_route=%2Fwp%2Fv2%2Fmedia&parent=197959"}],"wp:term":[{"taxonomy":"category","embeddable":true,"href":"https:\/\/archive.sana.sy\/es\/index.php?rest_route=%2Fwp%2Fv2%2Fcategories&post=197959"},{"taxonomy":"post_tag","embeddable":true,"href":"https:\/\/archive.sana.sy\/es\/index.php?rest_route=%2Fwp%2Fv2%2Ftags&post=197959"}],"curies":[{"name":"wp","href":"https:\/\/api.w.org\/{rel}","templated":true}]}}