{"id":197961,"date":"2021-09-22T09:19:50","date_gmt":"2021-09-22T06:19:50","guid":{"rendered":"http:\/\/107.6.182.27\/es\/?p=197961"},"modified":"2021-09-22T12:55:01","modified_gmt":"2021-09-22T09:55:01","slug":"cancilleres-de-siria-y-kazajistan-destacan-nexos-historicos-y-voluntad-para-impulsar-la-cooperacion","status":"publish","type":"post","link":"https:\/\/archive.sana.sy\/es\/?p=197961","title":{"rendered":"Canciller de Siria sostiene reuniones bilaterales en Nueva York con sus hom\u00f3logos de Cuba y Kazajist\u00e1n"},"content":{"rendered":"<p style=\"text-align: justify;\"><strong><span style=\"color: #800000;\">Nueva York, SANA<\/span><\/strong><\/p>\n<p style=\"text-align: justify;\">El ministro de Exteriores y Expatriados, Faisal al-Mekdad, sostuvo hoy en Nueva York, un encuentro con su hom\u00f3logo de Cuba, Bruno Rodr\u00edguez, al margen del 76\u00ba per\u00edodo de sesiones de la Asamblea General de las Naciones Unidas.<\/p>\n<p style=\"text-align: justify;\">Los dos ministros repasaron las v\u00edas para impulsar las relaciones bilaterales entre los dos pa\u00edses amigos, y la coordinaci\u00f3n conjunta sobre los temas de la agenda de las sesiones de la Asamblea General.<\/p>\n<p style=\"text-align: justify;\">Ambos cancilleres coincidieron en la necesidad de mejorar la coordinaci\u00f3n entre Siria, Cuba y el resto de los pa\u00edses amigos para enfrentar todos los intentos de injerencia externa en los asuntos internos de los Estados miembros.<\/p>\n<p style=\"text-align: justify;\">Adem\u00e1s, condenaron todas las formas de bloqueo y las medidas coercitivas unilaterales inhumanas impuestas por algunos pa\u00edses, y destacaron la necesidad de levantarlas de inmediato, dados sus efectos desastrosos en los pueblos afectados, incluidos los pueblos sirio y cubano, especialmente a la luz de la pandemia Covid-19.<\/p>\n<p style=\"text-align: justify;\">Afirmaron que esas medidas unilaterales violan el derecho internacional y las disposiciones de la Carta de las Naciones Unidas.<\/p>\n<p style=\"text-align: justify;\"><strong><span style=\"color: #0000ff;\">Cancilleres de Siria y Kazajist\u00e1n destacan nexos hist\u00f3ricos y voluntad para impulsar la cooperaci\u00f3n<\/span><\/strong><\/p>\n<p style=\"text-align: justify;\">Al margen de la 76 sesi\u00f3n de la Asamblea General de las Naciones Unidas, el ministro de Exteriores y Expatriados, Faisal al-Mekdad, se reuni\u00f3 con el viceprimer ministro y ministro de Relaciones Exteriores de Kazajst\u00e1n, Mukhtar Tilberdi.<\/p>\n<p style=\"text-align: justify;\">Los dos ministros destacaron los nexos hist\u00f3ricos entre los dos pa\u00edses y abordaron las perspectivas de fortalecer las relaciones diplom\u00e1ticas entre ellos.<\/p>\n<p style=\"text-align: justify;\">Al-Mekdad expres\u00f3 el agradecimiento de Siria a Kazajist\u00e1n por acoger las reuniones de Astan\u00e1 en la capital Nur-Sultan, y destac\u00f3 la contribuci\u00f3n de estas citas al logro de resultados tangibles sobre el terreno, especialmente en el campo de la preservaci\u00f3n de la soberan\u00eda, unidad y soberan\u00eda de Siria, y en la lucha contra el terrorismo.<\/p>\n<p style=\"text-align: justify;\">Tambi\u00e9n se refiri\u00f3 a la importancia de la participaci\u00f3n de Kazajst\u00e1n en los proyectos de reconstrucci\u00f3n e inversi\u00f3n en Siria lo cual lograr\u00eda un beneficio mutuo para ambos pa\u00edses.<\/p>\n<p style=\"text-align: justify;\">Por su parte, el ministro kazajo afirm\u00f3 la disposici\u00f3n de su pa\u00eds de continuar acogiendo las reuniones de Astan\u00e1, lo que contribuir\u00eda a fortalecer la seguridad y estabilidad en Siria.<\/p>\n<p style=\"text-align: justify;\">Expres\u00f3 el inter\u00e9s de su pa\u00eds en desarrollar relaciones culturales que reflejen los lazos hist\u00f3ricos entre los dos pa\u00edses.<\/p>\n<p style=\"text-align: justify;\"><strong><span style=\"color: #0000ff;\">fm\/ws<\/span><\/strong><\/p>\n","protected":false},"excerpt":{"rendered":"<p>Nueva York, SANA El ministro de Exteriores y Expatriados, Faisal al-Mekdad, sostuvo hoy en Nueva York, un encuentro con su hom\u00f3logo de Cuba, Bruno Rodr\u00edguez, al margen del 76\u00ba per\u00edodo de sesiones de la Asamblea General de las Naciones Unidas. Los dos ministros repasaron las v\u00edas para impulsar las relaciones bilaterales entre los dos pa\u00edses &hellip;<\/p>\n","protected":false},"author":35,"featured_media":197962,"comment_status":"closed","ping_status":"closed","sticky":false,"template":"","format":"standard","meta":{"footnotes":""},"categories":[477,447,597,467,583],"tags":[],"class_list":["post-197961","post","type-post","status-publish","format-standard","has-post-thumbnail","","category-noticias-edulcorantes","category-local-politica","category-cinta-de-noticias","category-siria-y-el-mundo","category-slide"],"_links":{"self":[{"href":"https:\/\/archive.sana.sy\/es\/index.php?rest_route=\/wp\/v2\/posts\/197961"}],"collection":[{"href":"https:\/\/archive.sana.sy\/es\/index.php?rest_route=\/wp\/v2\/posts"}],"about":[{"href":"https:\/\/archive.sana.sy\/es\/index.php?rest_route=\/wp\/v2\/types\/post"}],"author":[{"embeddable":true,"href":"https:\/\/archive.sana.sy\/es\/index.php?rest_route=\/wp\/v2\/users\/35"}],"replies":[{"embeddable":true,"href":"https:\/\/archive.sana.sy\/es\/index.php?rest_route=%2Fwp%2Fv2%2Fcomments&post=197961"}],"version-history":[{"count":0,"href":"https:\/\/archive.sana.sy\/es\/index.php?rest_route=\/wp\/v2\/posts\/197961\/revisions"}],"wp:featuredmedia":[{"embeddable":true,"href":"https:\/\/archive.sana.sy\/es\/index.php?rest_route=\/wp\/v2\/media\/197962"}],"wp:attachment":[{"href":"https:\/\/archive.sana.sy\/es\/index.php?rest_route=%2Fwp%2Fv2%2Fmedia&parent=197961"}],"wp:term":[{"taxonomy":"category","embeddable":true,"href":"https:\/\/archive.sana.sy\/es\/index.php?rest_route=%2Fwp%2Fv2%2Fcategories&post=197961"},{"taxonomy":"post_tag","embeddable":true,"href":"https:\/\/archive.sana.sy\/es\/index.php?rest_route=%2Fwp%2Fv2%2Ftags&post=197961"}],"curies":[{"name":"wp","href":"https:\/\/api.w.org\/{rel}","templated":true}]}}