{"id":197981,"date":"2021-09-22T14:36:33","date_gmt":"2021-09-22T11:36:33","guid":{"rendered":"http:\/\/107.6.182.27\/es\/?p=197981"},"modified":"2021-09-22T14:36:33","modified_gmt":"2021-09-22T11:36:33","slug":"grupos-populares-atacan-a-milicia-proestadounidense-fds-en-deir-ezzor","status":"publish","type":"post","link":"https:\/\/archive.sana.sy\/es\/?p=197981","title":{"rendered":"Grupos populares atacan a milicia proestadounidense FDS en Deir Ezzor"},"content":{"rendered":"<p style=\"text-align: justify;\"><strong><span style=\"color: #800000;\">Deir Ezzor, SANA<\/span><\/strong><\/p>\n<p style=\"text-align: justify;\">Un armado de la milicia separatista FDS respaldada por las fuerzas de ocupaci\u00f3n estadounidenses perdi\u00f3 su vida en ataque perpetrado por facciones populares en la ciudad de Al-Busaira, en el este de Deir Ezzor.<\/p>\n<p style=\"text-align: justify;\">Activistas locales informaron a SANA que un grupo de facciones populares atacaron con ametralladoras a un armado de FDS causando su muerte inmediata.<\/p>\n<p style=\"text-align: justify;\">Los ataques contra FDS contin\u00faan en las \u00e1reas bajo su dominio en la regi\u00f3n siria de al-Jazira, donde decenas de ellos murieron y resultaron heridos durante las \u00faltimas semanas.<\/p>\n<p style=\"text-align: justify;\"><strong><span style=\"color: #0000ff;\">ed\/fm<\/span><\/strong><\/p>\n","protected":false},"excerpt":{"rendered":"<p>Deir Ezzor, SANA Un armado de la milicia separatista FDS respaldada por las fuerzas de ocupaci\u00f3n estadounidenses perdi\u00f3 su vida en ataque perpetrado por facciones populares en la ciudad de Al-Busaira, en el este de Deir Ezzor. Activistas locales informaron a SANA que un grupo de facciones populares atacaron con ametralladoras a un armado de &hellip;<\/p>\n","protected":false},"author":32,"featured_media":194370,"comment_status":"closed","ping_status":"closed","sticky":false,"template":"","format":"standard","meta":{"footnotes":""},"categories":[477,597,476,7541],"tags":[],"class_list":["post-197981","post","type-post","status-publish","format-standard","has-post-thumbnail","","category-noticias-edulcorantes","category-cinta-de-noticias","category-locales","category-ultimas-noticias"],"_links":{"self":[{"href":"https:\/\/archive.sana.sy\/es\/index.php?rest_route=\/wp\/v2\/posts\/197981"}],"collection":[{"href":"https:\/\/archive.sana.sy\/es\/index.php?rest_route=\/wp\/v2\/posts"}],"about":[{"href":"https:\/\/archive.sana.sy\/es\/index.php?rest_route=\/wp\/v2\/types\/post"}],"author":[{"embeddable":true,"href":"https:\/\/archive.sana.sy\/es\/index.php?rest_route=\/wp\/v2\/users\/32"}],"replies":[{"embeddable":true,"href":"https:\/\/archive.sana.sy\/es\/index.php?rest_route=%2Fwp%2Fv2%2Fcomments&post=197981"}],"version-history":[{"count":0,"href":"https:\/\/archive.sana.sy\/es\/index.php?rest_route=\/wp\/v2\/posts\/197981\/revisions"}],"wp:featuredmedia":[{"embeddable":true,"href":"https:\/\/archive.sana.sy\/es\/index.php?rest_route=\/wp\/v2\/media\/194370"}],"wp:attachment":[{"href":"https:\/\/archive.sana.sy\/es\/index.php?rest_route=%2Fwp%2Fv2%2Fmedia&parent=197981"}],"wp:term":[{"taxonomy":"category","embeddable":true,"href":"https:\/\/archive.sana.sy\/es\/index.php?rest_route=%2Fwp%2Fv2%2Fcategories&post=197981"},{"taxonomy":"post_tag","embeddable":true,"href":"https:\/\/archive.sana.sy\/es\/index.php?rest_route=%2Fwp%2Fv2%2Ftags&post=197981"}],"curies":[{"name":"wp","href":"https:\/\/api.w.org\/{rel}","templated":true}]}}