{"id":198000,"date":"2021-09-22T18:32:16","date_gmt":"2021-09-22T15:32:16","guid":{"rendered":"http:\/\/107.6.182.27\/es\/?p=198000"},"modified":"2023-01-10T14:26:08","modified_gmt":"2023-01-10T12:26:08","slug":"estalla-artefacto-explosivo-en-ciudad-de-ras-al-ain-donde-se-despliegan-mercenarios-proturcos","status":"publish","type":"post","link":"https:\/\/archive.sana.sy\/es\/?p=198000","title":{"rendered":"Estalla artefacto explosivo en ciudad de Ras al-Ain donde se despliegan mercenarios proturcos"},"content":{"rendered":"<p style=\"text-align: justify\"><span style=\"color: #800000\">Hasakeh, SANA<\/span><\/p>\n<p style=\"text-align: justify\">Un artefacto explosivo estall\u00f3 hoy en la ciudad de Ras al-Ain en el campo norte de la provincia de Hasakeh, donde se despliegan fuerzas del ocupante turco y sus mercenarios.<\/p>\n<p style=\"text-align: justify\">Activistas locales informaron que un estacionamiento en la ciudad de Ras a-Ain ha sido escenario de una explosi\u00f3n con artefacto, lo cual caus\u00f3 da\u00f1os materiales sin dejar v\u00edctimas mortales o heridos.<\/p>\n<p style=\"text-align: justify\">La referida urbe ubicada en el noreste se ha convertido en un foco de bombardeos, asesinatos y caos debido a las continuas pugnas y diferencias entre los diferentes grupos terroristas proturcos.<\/p>\n<p style=\"text-align: justify\"><span style=\"color: #0000ff\"><em><strong>la<\/strong><\/em><\/span><\/p>\n<p style=\"text-align: justify\">\n","protected":false},"excerpt":{"rendered":"<p>Hasakeh, SANA Un artefacto explosivo estall\u00f3 hoy en la ciudad de Ras al-Ain en el campo norte de la provincia de Hasakeh, donde se despliegan fuerzas del ocupante turco y sus mercenarios. Activistas locales informaron que un estacionamiento en la ciudad de Ras a-Ain ha sido escenario de una explosi\u00f3n con artefacto, lo cual caus\u00f3 &hellip;<\/p>\n","protected":false},"author":24,"featured_media":198001,"comment_status":"closed","ping_status":"closed","sticky":false,"template":"","format":"standard","meta":{"footnotes":""},"categories":[447,597,573,7541],"tags":[],"class_list":["post-198000","post","type-post","status-publish","format-standard","has-post-thumbnail","","category-local-politica","category-cinta-de-noticias","category-la-realidad-de-los-acontecimientos-en-siria","category-ultimas-noticias"],"_links":{"self":[{"href":"https:\/\/archive.sana.sy\/es\/index.php?rest_route=\/wp\/v2\/posts\/198000"}],"collection":[{"href":"https:\/\/archive.sana.sy\/es\/index.php?rest_route=\/wp\/v2\/posts"}],"about":[{"href":"https:\/\/archive.sana.sy\/es\/index.php?rest_route=\/wp\/v2\/types\/post"}],"author":[{"embeddable":true,"href":"https:\/\/archive.sana.sy\/es\/index.php?rest_route=\/wp\/v2\/users\/24"}],"replies":[{"embeddable":true,"href":"https:\/\/archive.sana.sy\/es\/index.php?rest_route=%2Fwp%2Fv2%2Fcomments&post=198000"}],"version-history":[{"count":0,"href":"https:\/\/archive.sana.sy\/es\/index.php?rest_route=\/wp\/v2\/posts\/198000\/revisions"}],"wp:featuredmedia":[{"embeddable":true,"href":"https:\/\/archive.sana.sy\/es\/index.php?rest_route=\/wp\/v2\/media\/198001"}],"wp:attachment":[{"href":"https:\/\/archive.sana.sy\/es\/index.php?rest_route=%2Fwp%2Fv2%2Fmedia&parent=198000"}],"wp:term":[{"taxonomy":"category","embeddable":true,"href":"https:\/\/archive.sana.sy\/es\/index.php?rest_route=%2Fwp%2Fv2%2Fcategories&post=198000"},{"taxonomy":"post_tag","embeddable":true,"href":"https:\/\/archive.sana.sy\/es\/index.php?rest_route=%2Fwp%2Fv2%2Ftags&post=198000"}],"curies":[{"name":"wp","href":"https:\/\/api.w.org\/{rel}","templated":true}]}}