{"id":198028,"date":"2021-09-22T20:26:48","date_gmt":"2021-09-22T17:26:48","guid":{"rendered":"http:\/\/107.6.182.27\/es\/?p=198028"},"modified":"2023-01-10T14:26:08","modified_gmt":"2023-01-10T12:26:08","slug":"canciller-al-mekdad-se-reune-en-nueva-york-con-sus-homologos-irani-omani-e-iraqui","status":"publish","type":"post","link":"https:\/\/archive.sana.sy\/es\/?p=198028","title":{"rendered":"Canciller al-Mekdad se re\u00fane en Nueva York con sus hom\u00f3logos de Ir\u00e1n, Om\u00e1n  e Irak"},"content":{"rendered":"<p style=\"text-align: justify;\"><span style=\"color: #800000;\">Nueva York, SANA<\/span><\/p>\n<p style=\"text-align: justify;\">El ministro de Relaciones Exteriores y Expatriados, Faisal al-Mekdad, se reuni\u00f3 hoy en Nueva York con su hom\u00f3logo iran\u00ed, Hossein Amir Abdollahian, y la delegaci\u00f3n acompa\u00f1ante.<\/p>\n<p style=\"text-align: justify;\">Los dos cancilleres intercambiaron puntos de vista sobre los medios de mejorar la cooperaci\u00f3n entre las dos naciones amigas, y expresaron su satisfacci\u00f3n por el alto nivel de coordinaci\u00f3n binacional a varios niveles.<\/p>\n<p style=\"text-align: justify;\">Ambas partes evaluaron el desarrollo de varios escenarios a nivel regional e internacional.<\/p>\n<p style=\"text-align: justify;\">Durante una reuni\u00f3n telem\u00e1tica, el Canciller sirio abord\u00f3 tambi\u00e9n con su par oman\u00ed, Badr Al-Borsaidi, la necesidad de impulsar las relaciones bilaterales\u00a0 en materia econ\u00f3mica, comercial y cultural, as\u00ed como las v\u00edas de mejorar la coordinaci\u00f3n y el apoyo mutuo en las instancias internacionales.<\/p>\n<p style=\"text-align: justify;\">Al-Mekdad se reuni\u00f3 tambi\u00e9n con el ministro de Relaciones Exteriores de Irak, Fouad Hussein, donde ambos cancilleres hicieron hincapi\u00e9 en la continuaci\u00f3n de la coordinaci\u00f3n conjunta en el \u00e1mbito de la lucha contra el terrorismo y la preservaci\u00f3n de la seguridad y estabilidad de ambos pa\u00edses.<\/p>\n<p style=\"text-align: justify;\">Tambi\u00e9n pasaron revista a los m\u00e9todos de desarrollar la cooperaci\u00f3n en los dem\u00e1s campos.<\/p>\n<p><a href=\"http:\/\/107.6.182.27\/es\/wp-content\/uploads\/2021\/09\/Canciller-al-Mekdad-con-el-canciller-iraqui-1.jpg\"><img loading=\"lazy\" decoding=\"async\" class=\"size-full wp-image-198031 aligncenter\" src=\"http:\/\/107.6.182.27\/es\/wp-content\/uploads\/2021\/09\/Canciller-al-Mekdad-con-el-canciller-iraqui-1.jpg\" alt=\"\" width=\"660\" height=\"469\" srcset=\"https:\/\/archive.sana.sy\/es\/wp-content\/uploads\/2021\/09\/Canciller-al-Mekdad-con-el-canciller-iraqui-1.jpg 660w, https:\/\/archive.sana.sy\/es\/wp-content\/uploads\/2021\/09\/Canciller-al-Mekdad-con-el-canciller-iraqui-1-300x213.jpg 300w, https:\/\/archive.sana.sy\/es\/wp-content\/uploads\/2021\/09\/Canciller-al-Mekdad-con-el-canciller-iraqui-1-150x107.jpg 150w\" sizes=\"(max-width: 660px) 100vw, 660px\" \/><\/a><\/p>\n<p>&nbsp;<\/p>\n<p style=\"text-align: justify;\"><span style=\"color: #0000ff;\"><em><strong>la<\/strong><\/em><\/span><\/p>\n","protected":false},"excerpt":{"rendered":"<p>Nueva York, SANA El ministro de Relaciones Exteriores y Expatriados, Faisal al-Mekdad, se reuni\u00f3 hoy en Nueva York con su hom\u00f3logo iran\u00ed, Hossein Amir Abdollahian, y la delegaci\u00f3n acompa\u00f1ante. Los dos cancilleres intercambiaron puntos de vista sobre los medios de mejorar la cooperaci\u00f3n entre las dos naciones amigas, y expresaron su satisfacci\u00f3n por el alto &hellip;<\/p>\n","protected":false},"author":24,"featured_media":198029,"comment_status":"closed","ping_status":"closed","sticky":false,"template":"","format":"standard","meta":{"footnotes":""},"categories":[447,597,583],"tags":[],"class_list":["post-198028","post","type-post","status-publish","format-standard","has-post-thumbnail","","category-local-politica","category-cinta-de-noticias","category-slide"],"_links":{"self":[{"href":"https:\/\/archive.sana.sy\/es\/index.php?rest_route=\/wp\/v2\/posts\/198028"}],"collection":[{"href":"https:\/\/archive.sana.sy\/es\/index.php?rest_route=\/wp\/v2\/posts"}],"about":[{"href":"https:\/\/archive.sana.sy\/es\/index.php?rest_route=\/wp\/v2\/types\/post"}],"author":[{"embeddable":true,"href":"https:\/\/archive.sana.sy\/es\/index.php?rest_route=\/wp\/v2\/users\/24"}],"replies":[{"embeddable":true,"href":"https:\/\/archive.sana.sy\/es\/index.php?rest_route=%2Fwp%2Fv2%2Fcomments&post=198028"}],"version-history":[{"count":0,"href":"https:\/\/archive.sana.sy\/es\/index.php?rest_route=\/wp\/v2\/posts\/198028\/revisions"}],"wp:featuredmedia":[{"embeddable":true,"href":"https:\/\/archive.sana.sy\/es\/index.php?rest_route=\/wp\/v2\/media\/198029"}],"wp:attachment":[{"href":"https:\/\/archive.sana.sy\/es\/index.php?rest_route=%2Fwp%2Fv2%2Fmedia&parent=198028"}],"wp:term":[{"taxonomy":"category","embeddable":true,"href":"https:\/\/archive.sana.sy\/es\/index.php?rest_route=%2Fwp%2Fv2%2Fcategories&post=198028"},{"taxonomy":"post_tag","embeddable":true,"href":"https:\/\/archive.sana.sy\/es\/index.php?rest_route=%2Fwp%2Fv2%2Ftags&post=198028"}],"curies":[{"name":"wp","href":"https:\/\/api.w.org\/{rel}","templated":true}]}}