{"id":19807,"date":"2015-03-19T18:40:17","date_gmt":"2015-03-19T16:40:17","guid":{"rendered":"http:\/\/www.sana.sy\/es\/?p=19807"},"modified":"2015-03-19T19:24:33","modified_gmt":"2015-03-19T17:24:33","slug":"lavrov-critica-negativa-de-la-coalicion-internacional-a-cooperar-con-siria-en-materia-de-la-lucha-contra-el-terrorismo","status":"publish","type":"post","link":"https:\/\/archive.sana.sy\/es\/?p=19807","title":{"rendered":"Lavrov critica negativa de la Coalici\u00f3n Internacional a cooperar con Siria en la lucha contra el terrorismo"},"content":{"rendered":"<p>Mosc\u00fa, SANA<\/p>\n<p>El canciller ruso, Serguei Lavrov tach\u00f3 de un paso contraproducente la negativa de la \u201cCoalici\u00f3n Internacional\u201d a cooperar con el Gobierno sirio en materia de la lucha contra el terrorismo, haciendo hincapi\u00e9 en que este asunto debe apoyarse en una \u201cbase fuerte\u201d de la legitimidad internacional y las organizaciones internacionales, entre ellas la ONU.<\/p>\n<p>Durante una rueda de prensa sostenida este jueves con su hom\u00f3logo iraqu\u00ed, Ibrahim al-Jaafari en Mosc\u00fa, el jefe de la diplomacia rusa se\u00f1al\u00f3 que \u201clos l\u00edderes de la Coalici\u00f3n adoptaron una postura contraproducente cuando decidieron no colaborar con las fuerzas armadas sirias y el Gobierno sirio en cuanto a la lucha contra el terrorismo\u201d.<\/p>\n<p>Asimismo critic\u00f3 el doble rasero aplicado por algunos pa\u00edses al tratar con Siria, y recalc\u00f3 que su pa\u00eds se solidariza con Iraq y le ofrecer\u00e1 toda la ayuda necesaria para mantener su soberan\u00eda e integridad territorial.<\/p>\n<p>Lavrov dijo que \u00e9l con su hom\u00f3logo iraqu\u00ed debatieron la situaci\u00f3n en Siria e Iraq, as\u00ed como se pusieron de acuerdo sobre la necesidad de buscar bases s\u00f3lidas para dar con una soluci\u00f3n de la crisis en estos pa\u00edses y garantizar su estabilidad.<\/p>\n<p>&nbsp;<\/p>\n<p>Lynn A.<\/p>\n","protected":false},"excerpt":{"rendered":"<p>Mosc\u00fa, SANA El canciller ruso, Serguei Lavrov tach\u00f3 de un paso contraproducente la negativa de la \u201cCoalici\u00f3n Internacional\u201d a cooperar con el Gobierno sirio en materia de la lucha contra el terrorismo, haciendo hincapi\u00e9 en que este asunto debe apoyarse en una \u201cbase fuerte\u201d de la legitimidad internacional y las organizaciones internacionales, entre ellas la &hellip;<\/p>\n","protected":false},"author":24,"featured_media":19808,"comment_status":"closed","ping_status":"closed","sticky":false,"template":"","format":"standard","meta":{"footnotes":""},"categories":[597,456,457,576],"tags":[4485],"class_list":["post-19807","post","type-post","status-publish","format-standard","has-post-thumbnail","","category-cinta-de-noticias","category-arabe-internacional-politica","category-noticias-arabe-internacional-politica","category-noticias-politicas","tag-lavrov-critica-negativa-de-la-coalicion-internacional-a-cooperar-con-siria-en-materia-de-la-lucha-contra-el-terrorismo"],"_links":{"self":[{"href":"https:\/\/archive.sana.sy\/es\/index.php?rest_route=\/wp\/v2\/posts\/19807"}],"collection":[{"href":"https:\/\/archive.sana.sy\/es\/index.php?rest_route=\/wp\/v2\/posts"}],"about":[{"href":"https:\/\/archive.sana.sy\/es\/index.php?rest_route=\/wp\/v2\/types\/post"}],"author":[{"embeddable":true,"href":"https:\/\/archive.sana.sy\/es\/index.php?rest_route=\/wp\/v2\/users\/24"}],"replies":[{"embeddable":true,"href":"https:\/\/archive.sana.sy\/es\/index.php?rest_route=%2Fwp%2Fv2%2Fcomments&post=19807"}],"version-history":[{"count":0,"href":"https:\/\/archive.sana.sy\/es\/index.php?rest_route=\/wp\/v2\/posts\/19807\/revisions"}],"wp:featuredmedia":[{"embeddable":true,"href":"https:\/\/archive.sana.sy\/es\/index.php?rest_route=\/wp\/v2\/media\/19808"}],"wp:attachment":[{"href":"https:\/\/archive.sana.sy\/es\/index.php?rest_route=%2Fwp%2Fv2%2Fmedia&parent=19807"}],"wp:term":[{"taxonomy":"category","embeddable":true,"href":"https:\/\/archive.sana.sy\/es\/index.php?rest_route=%2Fwp%2Fv2%2Fcategories&post=19807"},{"taxonomy":"post_tag","embeddable":true,"href":"https:\/\/archive.sana.sy\/es\/index.php?rest_route=%2Fwp%2Fv2%2Ftags&post=19807"}],"curies":[{"name":"wp","href":"https:\/\/api.w.org\/{rel}","templated":true}]}}