{"id":198092,"date":"2021-09-23T14:42:38","date_gmt":"2021-09-23T11:42:38","guid":{"rendered":"http:\/\/107.6.182.27\/es\/?p=198092"},"modified":"2023-01-10T14:26:06","modified_gmt":"2023-01-10T12:26:06","slug":"dos-civiles-resultan-heridos-por-estallido-de-una-bomba-al-noroeste-de-alepo","status":"publish","type":"post","link":"https:\/\/archive.sana.sy\/es\/?p=198092","title":{"rendered":"Dos civiles resultan heridos por estallido de una bomba al noroeste de Alepo"},"content":{"rendered":"<p style=\"text-align: justify;\"><strong><span style=\"color: #800000;\">Alepo, SANA<\/span><\/strong><\/p>\n<p style=\"text-align: justify;\">Dos personas resultaron heridas por la explosi\u00f3n de una bomba colocada en un autom\u00f3vil en la ciudad de Afrin, en el norte de Alepo, ocupada por las fuerzas turcas y sus mercenarios de organizaciones terroristas.<\/p>\n<p style=\"text-align: justify;\">El incidente ocurri\u00f3 en el barrio de Ashrafiah en la localidad de Afrin, lo que caus\u00f3 heridas a dos personas civiles, adem\u00e1s de da\u00f1os materiales en las propiedades, informaron activistas locales.<\/p>\n<p style=\"text-align: justify;\">Grupos terroristas rodearon el \u00e1rea e irrumpieron en varios edificios y tiendas cerca de la explosi\u00f3n, agregaron.<\/p>\n<p style=\"text-align: justify;\">Las \u00e1reas ocupadas por grupos terroristas apoyados por el r\u00e9gimen turco presencian caos e inseguridad como resultado de las pugnas entre s\u00ed para compartir las \u00e1reas de influencia.<\/p>\n<p style=\"text-align: justify;\"><strong><span style=\"color: #0000ff;\">ed\/fm<\/span><\/strong><\/p>\n","protected":false},"excerpt":{"rendered":"<p>Alepo, SANA Dos personas resultaron heridas por la explosi\u00f3n de una bomba colocada en un autom\u00f3vil en la ciudad de Afrin, en el norte de Alepo, ocupada por las fuerzas turcas y sus mercenarios de organizaciones terroristas. El incidente ocurri\u00f3 en el barrio de Ashrafiah en la localidad de Afrin, lo que caus\u00f3 heridas a &hellip;<\/p>\n","protected":false},"author":32,"featured_media":198093,"comment_status":"closed","ping_status":"closed","sticky":false,"template":"","format":"standard","meta":{"footnotes":""},"categories":[477,447,597,476,7541],"tags":[],"class_list":["post-198092","post","type-post","status-publish","format-standard","has-post-thumbnail","","category-noticias-edulcorantes","category-local-politica","category-cinta-de-noticias","category-locales","category-ultimas-noticias"],"_links":{"self":[{"href":"https:\/\/archive.sana.sy\/es\/index.php?rest_route=\/wp\/v2\/posts\/198092"}],"collection":[{"href":"https:\/\/archive.sana.sy\/es\/index.php?rest_route=\/wp\/v2\/posts"}],"about":[{"href":"https:\/\/archive.sana.sy\/es\/index.php?rest_route=\/wp\/v2\/types\/post"}],"author":[{"embeddable":true,"href":"https:\/\/archive.sana.sy\/es\/index.php?rest_route=\/wp\/v2\/users\/32"}],"replies":[{"embeddable":true,"href":"https:\/\/archive.sana.sy\/es\/index.php?rest_route=%2Fwp%2Fv2%2Fcomments&post=198092"}],"version-history":[{"count":0,"href":"https:\/\/archive.sana.sy\/es\/index.php?rest_route=\/wp\/v2\/posts\/198092\/revisions"}],"wp:featuredmedia":[{"embeddable":true,"href":"https:\/\/archive.sana.sy\/es\/index.php?rest_route=\/wp\/v2\/media\/198093"}],"wp:attachment":[{"href":"https:\/\/archive.sana.sy\/es\/index.php?rest_route=%2Fwp%2Fv2%2Fmedia&parent=198092"}],"wp:term":[{"taxonomy":"category","embeddable":true,"href":"https:\/\/archive.sana.sy\/es\/index.php?rest_route=%2Fwp%2Fv2%2Fcategories&post=198092"},{"taxonomy":"post_tag","embeddable":true,"href":"https:\/\/archive.sana.sy\/es\/index.php?rest_route=%2Fwp%2Fv2%2Ftags&post=198092"}],"curies":[{"name":"wp","href":"https:\/\/api.w.org\/{rel}","templated":true}]}}