{"id":198128,"date":"2021-09-23T17:20:02","date_gmt":"2021-09-23T14:20:02","guid":{"rendered":"http:\/\/107.6.182.27\/es\/?p=198128"},"modified":"2021-09-23T17:20:10","modified_gmt":"2021-09-23T14:20:10","slug":"el-monte-hermon-objeto-de-ambiciones-sionistas","status":"publish","type":"post","link":"https:\/\/archive.sana.sy\/es\/?p=198128","title":{"rendered":"El Monte Herm\u00f3n\u2026 objeto de ambiciones sionistas"},"content":{"rendered":"<p style=\"text-align: justify;\"><strong><span style=\"color: #800000;\">Gol\u00e1n Ocupado, SANA<\/span><\/strong><\/p>\n<p style=\"text-align: justify;\">Las ambiciones sionistas en el Gol\u00e1n sirio ocupado se entretejieron a\u00f1os antes de su usurpaci\u00f3n con el objetivo de explotar sus recursos h\u00eddricos, agr\u00edcolas e incluso tur\u00edsticos que la ocupaci\u00f3n comenz\u00f3 a saquear despu\u00e9s de la agresi\u00f3n de junio de 1967.<\/p>\n<p style=\"text-align: justify;\">Las pol\u00edticas israel\u00edes agresivas afectaron los componentes humanos, vitales y naturales del Gol\u00e1n sirio.<\/p>\n<p style=\"text-align: justify;\">El Monte Herm\u00f3n, conocido tambi\u00e9n como Jabal al-Sheikh, que goza de riqueza natural, clim\u00e1tica e hist\u00f3rica, es una de esas zonas que ha sido sometida a la ocupaci\u00f3n israel\u00ed, que ha utilizado amenazas para desplazar a su poblaci\u00f3n en un intento malicioso de borrar sus rasgos hist\u00f3ricos.<\/p>\n<p style=\"text-align: justify;\">Las autoridades enemigas reclutan cada verano a personas para desvirtuar la geograf\u00eda e historia del lugar visitado anualmente por cientos de miles de turistas.<\/p>\n<p style=\"text-align: justify;\">La ocupaci\u00f3n fabrica historias falsas y difunde mensajes pol\u00edticos para inculcarlos en la memoria de los extranjeros que visitan el lugar.<\/p>\n<p style=\"text-align: justify;\">El Monte Herm\u00f3n es la parte m\u00e1s grande y elevada de la cordillera oriental del L\u00edbano, que se extiende entre Siria y el pa\u00eds vecino.<\/p>\n<p style=\"text-align: justify;\">La monta\u00f1a tiene cuatro cimas, la m\u00e1s alta de las cuales alcanza una altitud de 2.814 metros, es llamada Herm\u00f3n y forma parte de la provincia de Quneitra.<\/p>\n<p style=\"text-align: justify;\">El monte es considerado una fuente de agua muy importante gracias a la nieve que lo cubre durante el invierno y la primavera, adem\u00e1s de constituir uno de los m\u00e1s grandes acu\u00edferos de la regi\u00f3n.<\/p>\n<p style=\"text-align: justify;\">La monta\u00f1a constitu\u00eda uno de los lugares de culto m\u00e1s importantes para cananeos y fenicios, y recibi\u00f3 gran atenci\u00f3n de los romanos.<\/p>\n<p style=\"text-align: justify;\">El monte Herm\u00f3n reviste un gran simbolismo para los sirios, donde grabaron en sus laderas la victoria en la gloriosa Guerra de Octubre y donde se iz\u00f3 la bandera nacional en una gesta hist\u00f3rica.<\/p>\n<p style=\"text-align: justify;\"><span style=\"color: #0000ff;\"><strong>Equipo de traductores de la agencia SANA en espa\u00f1ol<\/strong><\/span><\/p>\n<div id=\"gallery-1\" class=\"gallery galleryid-175093 gallery-columns-1 gallery-size-full\" style=\"text-align: justify;\"><\/div>\n","protected":false},"excerpt":{"rendered":"<p>Gol\u00e1n Ocupado, SANA Las ambiciones sionistas en el Gol\u00e1n sirio ocupado se entretejieron a\u00f1os antes de su usurpaci\u00f3n con el objetivo de explotar sus recursos h\u00eddricos, agr\u00edcolas e incluso tur\u00edsticos que la ocupaci\u00f3n comenz\u00f3 a saquear despu\u00e9s de la agresi\u00f3n de junio de 1967. Las pol\u00edticas israel\u00edes agresivas afectaron los componentes humanos, vitales y naturales &hellip;<\/p>\n","protected":false},"author":30,"featured_media":198129,"comment_status":"closed","ping_status":"closed","sticky":false,"template":"","format":"standard","meta":{"footnotes":""},"categories":[597,7541,18781],"tags":[19524],"class_list":["post-198128","post","type-post","status-publish","format-standard","has-post-thumbnail","","category-cinta-de-noticias","category-ultimas-noticias","category-vistazos-sobre-siria","tag-el-monte-hermon-objeto-de-ambiciones-sionistas"],"_links":{"self":[{"href":"https:\/\/archive.sana.sy\/es\/index.php?rest_route=\/wp\/v2\/posts\/198128"}],"collection":[{"href":"https:\/\/archive.sana.sy\/es\/index.php?rest_route=\/wp\/v2\/posts"}],"about":[{"href":"https:\/\/archive.sana.sy\/es\/index.php?rest_route=\/wp\/v2\/types\/post"}],"author":[{"embeddable":true,"href":"https:\/\/archive.sana.sy\/es\/index.php?rest_route=\/wp\/v2\/users\/30"}],"replies":[{"embeddable":true,"href":"https:\/\/archive.sana.sy\/es\/index.php?rest_route=%2Fwp%2Fv2%2Fcomments&post=198128"}],"version-history":[{"count":0,"href":"https:\/\/archive.sana.sy\/es\/index.php?rest_route=\/wp\/v2\/posts\/198128\/revisions"}],"wp:featuredmedia":[{"embeddable":true,"href":"https:\/\/archive.sana.sy\/es\/index.php?rest_route=\/wp\/v2\/media\/198129"}],"wp:attachment":[{"href":"https:\/\/archive.sana.sy\/es\/index.php?rest_route=%2Fwp%2Fv2%2Fmedia&parent=198128"}],"wp:term":[{"taxonomy":"category","embeddable":true,"href":"https:\/\/archive.sana.sy\/es\/index.php?rest_route=%2Fwp%2Fv2%2Fcategories&post=198128"},{"taxonomy":"post_tag","embeddable":true,"href":"https:\/\/archive.sana.sy\/es\/index.php?rest_route=%2Fwp%2Fv2%2Ftags&post=198128"}],"curies":[{"name":"wp","href":"https:\/\/api.w.org\/{rel}","templated":true}]}}