{"id":198246,"date":"2021-09-24T14:12:56","date_gmt":"2021-09-24T11:12:56","guid":{"rendered":"http:\/\/107.6.182.27\/es\/?p=198246"},"modified":"2023-01-12T14:40:17","modified_gmt":"2023-01-12T12:40:17","slug":"palestinos-heridos-durante-el-asalto-de-colonos-israelies-al-sur-de-hebron","status":"publish","type":"post","link":"https:\/\/archive.sana.sy\/es\/?p=198246","title":{"rendered":"Palestinos heridos durante el asalto de colonos israel\u00edes al sur de Hebr\u00f3n"},"content":{"rendered":"<p style=\"text-align: justify;\"><span style=\"color: #800000;\"><strong>Jerusal\u00e9n ocupada, SANA<\/strong><\/span><\/p>\n<p style=\"text-align: justify;\">Varios palestinos resultaron heridos hoy cuando colonos israel\u00edes, protegidos por tropas de la ocupaci\u00f3n sionista irrumpieron en la aldea de Susiya, al sur de Hebr\u00f3n, en Cisjordania.<\/p>\n<p style=\"text-align: justify;\">El coordinador de los Comit\u00e9s de la Uni\u00f3n de Protecci\u00f3n y Resiliencia, Fouad Al-Amour, inform\u00f3 a la agencia Wafa que los colonos, bajo la protecci\u00f3n de las tropas del ocupante, asaltaron la aldea durante la visita de una delegaci\u00f3n europea, y lesionaron a varios residentes.<\/p>\n<p style=\"text-align: justify;\"><span style=\"color: #0000ff;\"><strong>sm\/rsh<\/strong><\/span><\/p>\n","protected":false},"excerpt":{"rendered":"<p>Jerusal\u00e9n ocupada, SANA Varios palestinos resultaron heridos hoy cuando colonos israel\u00edes, protegidos por tropas de la ocupaci\u00f3n sionista irrumpieron en la aldea de Susiya, al sur de Hebr\u00f3n, en Cisjordania. El coordinador de los Comit\u00e9s de la Uni\u00f3n de Protecci\u00f3n y Resiliencia, Fouad Al-Amour, inform\u00f3 a la agencia Wafa que los colonos, bajo la protecci\u00f3n &hellip;<\/p>\n","protected":false},"author":39,"featured_media":198247,"comment_status":"closed","ping_status":"closed","sticky":false,"template":"","format":"standard","meta":{"footnotes":""},"categories":[597,456,457],"tags":[],"class_list":["post-198246","post","type-post","status-publish","format-standard","has-post-thumbnail","","category-cinta-de-noticias","category-arabe-internacional-politica","category-noticias-arabe-internacional-politica"],"_links":{"self":[{"href":"https:\/\/archive.sana.sy\/es\/index.php?rest_route=\/wp\/v2\/posts\/198246"}],"collection":[{"href":"https:\/\/archive.sana.sy\/es\/index.php?rest_route=\/wp\/v2\/posts"}],"about":[{"href":"https:\/\/archive.sana.sy\/es\/index.php?rest_route=\/wp\/v2\/types\/post"}],"author":[{"embeddable":true,"href":"https:\/\/archive.sana.sy\/es\/index.php?rest_route=\/wp\/v2\/users\/39"}],"replies":[{"embeddable":true,"href":"https:\/\/archive.sana.sy\/es\/index.php?rest_route=%2Fwp%2Fv2%2Fcomments&post=198246"}],"version-history":[{"count":0,"href":"https:\/\/archive.sana.sy\/es\/index.php?rest_route=\/wp\/v2\/posts\/198246\/revisions"}],"wp:featuredmedia":[{"embeddable":true,"href":"https:\/\/archive.sana.sy\/es\/index.php?rest_route=\/wp\/v2\/media\/198247"}],"wp:attachment":[{"href":"https:\/\/archive.sana.sy\/es\/index.php?rest_route=%2Fwp%2Fv2%2Fmedia&parent=198246"}],"wp:term":[{"taxonomy":"category","embeddable":true,"href":"https:\/\/archive.sana.sy\/es\/index.php?rest_route=%2Fwp%2Fv2%2Fcategories&post=198246"},{"taxonomy":"post_tag","embeddable":true,"href":"https:\/\/archive.sana.sy\/es\/index.php?rest_route=%2Fwp%2Fv2%2Ftags&post=198246"}],"curies":[{"name":"wp","href":"https:\/\/api.w.org\/{rel}","templated":true}]}}