{"id":198249,"date":"2021-09-24T14:46:16","date_gmt":"2021-09-24T11:46:16","guid":{"rendered":"http:\/\/107.6.182.27\/es\/?p=198249"},"modified":"2021-09-28T08:08:01","modified_gmt":"2021-09-28T05:08:01","slug":"abuela-siria-de-80-anos-se-gradua-de-la-facultad-de-letras-y-decide-seguir-la-maestria","status":"publish","type":"post","link":"https:\/\/archive.sana.sy\/es\/?p=198249","title":{"rendered":"Abuela siria de 80 a\u00f1os se grad\u00faa de la Facultad de Letras y decide seguir la maestr\u00eda"},"content":{"rendered":"<p style=\"text-align: justify;\"><span style=\"color: #800000;\"><strong>Damasco, SANA<\/strong><\/span><\/p>\n<p style=\"text-align: justify;\">La estudiante Naylaa Ahmad Burgol es una abuela de 80 a\u00f1os de edad. A los 50 a\u00f1os de edad, pas\u00f3 los ex\u00e1menes de analfabetismo, y luego obtuvo los t\u00edtulos de educaci\u00f3n b\u00e1sica y secundaria; todo eso despu\u00e9s de dar luz y criar a sus 10 hijos.<\/p>\n<p style=\"text-align: justify;\"><img loading=\"lazy\" decoding=\"async\" class=\"size-medium wp-image-198250 alignright\" src=\"http:\/\/107.6.182.27\/es\/wp-content\/uploads\/2021\/09\/11-127-300x200.jpg\" alt=\"\" width=\"300\" height=\"200\" srcset=\"https:\/\/archive.sana.sy\/es\/wp-content\/uploads\/2021\/09\/11-127-300x200.jpg 300w, https:\/\/archive.sana.sy\/es\/wp-content\/uploads\/2021\/09\/11-127-150x100.jpg 150w, https:\/\/archive.sana.sy\/es\/wp-content\/uploads\/2021\/09\/11-127.jpg 660w\" sizes=\"(max-width: 300px) 100vw, 300px\" \/><\/p>\n<p style=\"text-align: justify;\">El a\u00f1o pasado, Naylaa concluy\u00f3 con \u00e9xito su tesis de graduaci\u00f3n de la carrera de Letras y Humanidades de la Universidad de Tishreen\/ provincia de Latakia.<\/p>\n<p style=\"text-align: justify;\">Sin embargo, su sue\u00f1o no se detuvo en ese \u00e9xito y aspira a continuar sus estudios de maestr\u00eda.<\/p>\n<p style=\"text-align: justify;\">Ese gran logro llam\u00f3 la atenci\u00f3n de la Primera Dama, Asma al-Assad, quien se reuni\u00f3 con Naylaa, y escuch\u00f3 de ella su extraordinaria historia de aspiraci\u00f3n.<\/p>\n<p style=\"text-align: justify;\">Naylaa habl\u00f3 sobre su esp\u00edritu de desaf\u00edo y determinaci\u00f3n que le permiti\u00f3 superar la frustraci\u00f3n y la desesperaci\u00f3n.<\/p>\n<p style=\"text-align: justify;\"><img loading=\"lazy\" decoding=\"async\" class=\"size-medium wp-image-198251 alignright\" src=\"http:\/\/107.6.182.27\/es\/wp-content\/uploads\/2021\/09\/10-134-300x199.jpg\" alt=\"\" width=\"300\" height=\"199\" srcset=\"https:\/\/archive.sana.sy\/es\/wp-content\/uploads\/2021\/09\/10-134-300x199.jpg 300w, https:\/\/archive.sana.sy\/es\/wp-content\/uploads\/2021\/09\/10-134-150x100.jpg 150w, https:\/\/archive.sana.sy\/es\/wp-content\/uploads\/2021\/09\/10-134-310x205.jpg 310w, https:\/\/archive.sana.sy\/es\/wp-content\/uploads\/2021\/09\/10-134.jpg 660w\" sizes=\"(max-width: 300px) 100vw, 300px\" \/><\/p>\n<p style=\"text-align: justify;\">La abuela Naylaa naci\u00f3 en 1942, tiene 10 hijos y 15 nietos, entre ellos figuran m\u00e9dicos e ingenieros.<\/p>\n<p style=\"text-align: justify;\"><strong><span style=\"color: #0000ff;\">ah\/fm\/sm<\/span><\/strong><\/p>\n<p style=\"text-align: justify;\">\n","protected":false},"excerpt":{"rendered":"<p>Damasco, SANA La estudiante Naylaa Ahmad Burgol es una abuela de 80 a\u00f1os de edad. A los 50 a\u00f1os de edad, pas\u00f3 los ex\u00e1menes de analfabetismo, y luego obtuvo los t\u00edtulos de educaci\u00f3n b\u00e1sica y secundaria; todo eso despu\u00e9s de dar luz y criar a sus 10 hijos. El a\u00f1o pasado, Naylaa concluy\u00f3 con \u00e9xito &hellip;<\/p>\n","protected":false},"author":39,"featured_media":198253,"comment_status":"closed","ping_status":"closed","sticky":false,"template":"","format":"standard","meta":{"footnotes":""},"categories":[447,477,597,19549,476,457,583],"tags":[],"class_list":["post-198249","post","type-post","status-publish","format-standard","has-post-thumbnail","","category-local-politica","category-noticias-edulcorantes","category-cinta-de-noticias","category-ellas","category-locales","category-noticias-arabe-internacional-politica","category-slide"],"_links":{"self":[{"href":"https:\/\/archive.sana.sy\/es\/index.php?rest_route=\/wp\/v2\/posts\/198249"}],"collection":[{"href":"https:\/\/archive.sana.sy\/es\/index.php?rest_route=\/wp\/v2\/posts"}],"about":[{"href":"https:\/\/archive.sana.sy\/es\/index.php?rest_route=\/wp\/v2\/types\/post"}],"author":[{"embeddable":true,"href":"https:\/\/archive.sana.sy\/es\/index.php?rest_route=\/wp\/v2\/users\/39"}],"replies":[{"embeddable":true,"href":"https:\/\/archive.sana.sy\/es\/index.php?rest_route=%2Fwp%2Fv2%2Fcomments&post=198249"}],"version-history":[{"count":0,"href":"https:\/\/archive.sana.sy\/es\/index.php?rest_route=\/wp\/v2\/posts\/198249\/revisions"}],"wp:featuredmedia":[{"embeddable":true,"href":"https:\/\/archive.sana.sy\/es\/index.php?rest_route=\/wp\/v2\/media\/198253"}],"wp:attachment":[{"href":"https:\/\/archive.sana.sy\/es\/index.php?rest_route=%2Fwp%2Fv2%2Fmedia&parent=198249"}],"wp:term":[{"taxonomy":"category","embeddable":true,"href":"https:\/\/archive.sana.sy\/es\/index.php?rest_route=%2Fwp%2Fv2%2Fcategories&post=198249"},{"taxonomy":"post_tag","embeddable":true,"href":"https:\/\/archive.sana.sy\/es\/index.php?rest_route=%2Fwp%2Fv2%2Ftags&post=198249"}],"curies":[{"name":"wp","href":"https:\/\/api.w.org\/{rel}","templated":true}]}}