{"id":198254,"date":"2021-11-25T16:14:04","date_gmt":"2021-11-25T14:14:04","guid":{"rendered":"http:\/\/107.6.182.27\/es\/?p=198254"},"modified":"2021-11-25T17:01:43","modified_gmt":"2021-11-25T15:01:43","slug":"los-minaretes-de-la-mezquita-de-los-omeyas-abrazan-el-cielo-de-damasco-fotos","status":"publish","type":"post","link":"https:\/\/archive.sana.sy\/es\/?p=198254","title":{"rendered":"Los minaretes de la Mezquita de los Omeyas abrazan el cielo de Damasco (+fotos)"},"content":{"rendered":"<p style=\"text-align: justify\"><span style=\"color: #800000\"><strong>Damasco, SANA<\/strong><\/span><\/p>\n<p style=\"text-align: justify\">Con sus tres minaretes, la Gran Mezquita de los Omeyas es un testigo hist\u00f3rico y arquitect\u00f3nico de la majestuosidad de la capital, Damasco.<\/p>\n<p style=\"text-align: justify\">Los minaretes de esta gran obra arquitect\u00f3nica se asociaron hist\u00f3ricamente con todas las etapas isl\u00e1micas, comenzando desde la conquista isl\u00e1mica a trav\u00e9s del imperio Omeya cuya capital era Damasco, hasta la era Abas\u00ed.<\/p>\n<p style=\"text-align: justify\">Seg\u00fan el documentalista y profesor de historia de Arquitectura isl\u00e1mica, Muhammad Moataz Al-Sibini, explic\u00f3 que los minaretes desempe\u00f1aban un papel cultural, espiritual y religioso.<\/p>\n<p style=\"text-align: justify\">A trav\u00e9s de los mismos, se realizaba, y a\u00fan hoy en d\u00eda, el \u201cllamado a la oraci\u00f3n\u201d, que se o\u00eda en toda la ciudad, gracias a la altura de los mismos.<\/p>\n<p style=\"text-align: justify\">Se\u00f1al\u00f3 que los tres minaretes tienen nombres y alturas diferentes y que la construcci\u00f3n de cada uno de ellos pertenece a un per\u00edodo hist\u00f3rico distinto.<\/p>\n<p style=\"text-align: justify\">La Mezquita de los Omeyas es la m\u00e1s importante de Siria y una de las m\u00e1s antiguas y grandes del mundo. Fue construida por el califa omeya al-Walid I en el a\u00f1o 705.<\/p>\n<p style=\"text-align: justify\">Es s\u00edmbolo de la convivencia entre religiones, pues a\u00fan conserva la tumba de Juan Bautista, mientras se mantienen intactas las ruinas del templo y de la catedral sobre la cual fue construida.<\/p>\n<p style=\"text-align: justify\"><span style=\"color: #0000ff\"><strong>sm\/rsh\/fm<\/strong><\/span><\/p>\n<div id='gallery-1' class='gallery galleryid-198254 gallery-columns-1 gallery-size-full'><figure class='gallery-item'>\n\t\t\t<div class='gallery-icon landscape'>\n\t\t\t\t<a href='https:\/\/archive.sana.sy\/es\/?attachment_id=198269'><img loading=\"lazy\" decoding=\"async\" width=\"2126\" height=\"1331\" src=\"https:\/\/archive.sana.sy\/es\/wp-content\/uploads\/2021\/09\/WAS9651.jpg\" class=\"attachment-full size-full\" alt=\"\" srcset=\"https:\/\/archive.sana.sy\/es\/wp-content\/uploads\/2021\/09\/WAS9651.jpg 2126w, https:\/\/archive.sana.sy\/es\/wp-content\/uploads\/2021\/09\/WAS9651-300x188.jpg 300w, https:\/\/archive.sana.sy\/es\/wp-content\/uploads\/2021\/09\/WAS9651-1024x641.jpg 1024w, https:\/\/archive.sana.sy\/es\/wp-content\/uploads\/2021\/09\/WAS9651-150x94.jpg 150w, https:\/\/archive.sana.sy\/es\/wp-content\/uploads\/2021\/09\/WAS9651-768x481.jpg 768w, https:\/\/archive.sana.sy\/es\/wp-content\/uploads\/2021\/09\/WAS9651-1536x962.jpg 1536w, https:\/\/archive.sana.sy\/es\/wp-content\/uploads\/2021\/09\/WAS9651-2048x1282.jpg 2048w\" sizes=\"(max-width: 2126px) 100vw, 2126px\" \/><\/a>\n\t\t\t<\/div><\/figure><figure class='gallery-item'>\n\t\t\t<div class='gallery-icon landscape'>\n\t\t\t\t<a href='https:\/\/archive.sana.sy\/es\/?attachment_id=198268'><img loading=\"lazy\" decoding=\"async\" width=\"2126\" height=\"1418\" src=\"https:\/\/archive.sana.sy\/es\/wp-content\/uploads\/2021\/09\/WAS9645.jpg\" class=\"attachment-full size-full\" alt=\"\" srcset=\"https:\/\/archive.sana.sy\/es\/wp-content\/uploads\/2021\/09\/WAS9645.jpg 2126w, https:\/\/archive.sana.sy\/es\/wp-content\/uploads\/2021\/09\/WAS9645-300x200.jpg 300w, https:\/\/archive.sana.sy\/es\/wp-content\/uploads\/2021\/09\/WAS9645-1024x683.jpg 1024w, https:\/\/archive.sana.sy\/es\/wp-content\/uploads\/2021\/09\/WAS9645-150x100.jpg 150w, https:\/\/archive.sana.sy\/es\/wp-content\/uploads\/2021\/09\/WAS9645-768x512.jpg 768w, https:\/\/archive.sana.sy\/es\/wp-content\/uploads\/2021\/09\/WAS9645-1536x1024.jpg 1536w, https:\/\/archive.sana.sy\/es\/wp-content\/uploads\/2021\/09\/WAS9645-2048x1366.jpg 2048w\" sizes=\"(max-width: 2126px) 100vw, 2126px\" \/><\/a>\n\t\t\t<\/div><\/figure><figure class='gallery-item'>\n\t\t\t<div class='gallery-icon landscape'>\n\t\t\t\t<a href='https:\/\/archive.sana.sy\/es\/?attachment_id=198270'><img loading=\"lazy\" decoding=\"async\" width=\"2126\" height=\"1263\" src=\"https:\/\/archive.sana.sy\/es\/wp-content\/uploads\/2021\/09\/WAS9655.jpg\" class=\"attachment-full size-full\" alt=\"\" srcset=\"https:\/\/archive.sana.sy\/es\/wp-content\/uploads\/2021\/09\/WAS9655.jpg 2126w, https:\/\/archive.sana.sy\/es\/wp-content\/uploads\/2021\/09\/WAS9655-300x178.jpg 300w, https:\/\/archive.sana.sy\/es\/wp-content\/uploads\/2021\/09\/WAS9655-1024x608.jpg 1024w, https:\/\/archive.sana.sy\/es\/wp-content\/uploads\/2021\/09\/WAS9655-150x89.jpg 150w, https:\/\/archive.sana.sy\/es\/wp-content\/uploads\/2021\/09\/WAS9655-768x456.jpg 768w, https:\/\/archive.sana.sy\/es\/wp-content\/uploads\/2021\/09\/WAS9655-1536x912.jpg 1536w, https:\/\/archive.sana.sy\/es\/wp-content\/uploads\/2021\/09\/WAS9655-2048x1217.jpg 2048w\" sizes=\"(max-width: 2126px) 100vw, 2126px\" \/><\/a>\n\t\t\t<\/div><\/figure><figure class='gallery-item'>\n\t\t\t<div class='gallery-icon landscape'>\n\t\t\t\t<a href='https:\/\/archive.sana.sy\/es\/?attachment_id=198261'><img loading=\"lazy\" decoding=\"async\" width=\"2126\" height=\"1418\" src=\"https:\/\/archive.sana.sy\/es\/wp-content\/uploads\/2021\/09\/WAS9294-1.jpg\" class=\"attachment-full size-full\" alt=\"\" srcset=\"https:\/\/archive.sana.sy\/es\/wp-content\/uploads\/2021\/09\/WAS9294-1.jpg 2126w, https:\/\/archive.sana.sy\/es\/wp-content\/uploads\/2021\/09\/WAS9294-1-300x200.jpg 300w, https:\/\/archive.sana.sy\/es\/wp-content\/uploads\/2021\/09\/WAS9294-1-1024x683.jpg 1024w, https:\/\/archive.sana.sy\/es\/wp-content\/uploads\/2021\/09\/WAS9294-1-150x100.jpg 150w, https:\/\/archive.sana.sy\/es\/wp-content\/uploads\/2021\/09\/WAS9294-1-768x512.jpg 768w, https:\/\/archive.sana.sy\/es\/wp-content\/uploads\/2021\/09\/WAS9294-1-1536x1024.jpg 1536w, https:\/\/archive.sana.sy\/es\/wp-content\/uploads\/2021\/09\/WAS9294-1-2048x1366.jpg 2048w\" sizes=\"(max-width: 2126px) 100vw, 2126px\" \/><\/a>\n\t\t\t<\/div><\/figure><figure class='gallery-item'>\n\t\t\t<div class='gallery-icon landscape'>\n\t\t\t\t<a href='https:\/\/archive.sana.sy\/es\/?attachment_id=198262'><img loading=\"lazy\" decoding=\"async\" width=\"2126\" height=\"1418\" src=\"https:\/\/archive.sana.sy\/es\/wp-content\/uploads\/2021\/09\/WAS9298.jpg\" class=\"attachment-full size-full\" alt=\"\" srcset=\"https:\/\/archive.sana.sy\/es\/wp-content\/uploads\/2021\/09\/WAS9298.jpg 2126w, https:\/\/archive.sana.sy\/es\/wp-content\/uploads\/2021\/09\/WAS9298-300x200.jpg 300w, https:\/\/archive.sana.sy\/es\/wp-content\/uploads\/2021\/09\/WAS9298-1024x683.jpg 1024w, https:\/\/archive.sana.sy\/es\/wp-content\/uploads\/2021\/09\/WAS9298-150x100.jpg 150w, https:\/\/archive.sana.sy\/es\/wp-content\/uploads\/2021\/09\/WAS9298-768x512.jpg 768w, https:\/\/archive.sana.sy\/es\/wp-content\/uploads\/2021\/09\/WAS9298-1536x1024.jpg 1536w, https:\/\/archive.sana.sy\/es\/wp-content\/uploads\/2021\/09\/WAS9298-2048x1366.jpg 2048w\" sizes=\"(max-width: 2126px) 100vw, 2126px\" \/><\/a>\n\t\t\t<\/div><\/figure><figure class='gallery-item'>\n\t\t\t<div class='gallery-icon landscape'>\n\t\t\t\t<a href='https:\/\/archive.sana.sy\/es\/?attachment_id=198263'><img loading=\"lazy\" decoding=\"async\" width=\"2126\" height=\"1356\" src=\"https:\/\/archive.sana.sy\/es\/wp-content\/uploads\/2021\/09\/WAS9408.jpg\" class=\"attachment-full size-full\" alt=\"\" srcset=\"https:\/\/archive.sana.sy\/es\/wp-content\/uploads\/2021\/09\/WAS9408.jpg 2126w, https:\/\/archive.sana.sy\/es\/wp-content\/uploads\/2021\/09\/WAS9408-300x191.jpg 300w, https:\/\/archive.sana.sy\/es\/wp-content\/uploads\/2021\/09\/WAS9408-1024x653.jpg 1024w, https:\/\/archive.sana.sy\/es\/wp-content\/uploads\/2021\/09\/WAS9408-150x96.jpg 150w, https:\/\/archive.sana.sy\/es\/wp-content\/uploads\/2021\/09\/WAS9408-768x490.jpg 768w, https:\/\/archive.sana.sy\/es\/wp-content\/uploads\/2021\/09\/WAS9408-1536x980.jpg 1536w, https:\/\/archive.sana.sy\/es\/wp-content\/uploads\/2021\/09\/WAS9408-2048x1306.jpg 2048w\" sizes=\"(max-width: 2126px) 100vw, 2126px\" \/><\/a>\n\t\t\t<\/div><\/figure><figure class='gallery-item'>\n\t\t\t<div class='gallery-icon landscape'>\n\t\t\t\t<a href='https:\/\/archive.sana.sy\/es\/?attachment_id=198264'><img loading=\"lazy\" decoding=\"async\" width=\"2126\" height=\"1418\" src=\"https:\/\/archive.sana.sy\/es\/wp-content\/uploads\/2021\/09\/WAS9533.jpg\" class=\"attachment-full size-full\" alt=\"\" srcset=\"https:\/\/archive.sana.sy\/es\/wp-content\/uploads\/2021\/09\/WAS9533.jpg 2126w, https:\/\/archive.sana.sy\/es\/wp-content\/uploads\/2021\/09\/WAS9533-300x200.jpg 300w, https:\/\/archive.sana.sy\/es\/wp-content\/uploads\/2021\/09\/WAS9533-1024x683.jpg 1024w, https:\/\/archive.sana.sy\/es\/wp-content\/uploads\/2021\/09\/WAS9533-150x100.jpg 150w, https:\/\/archive.sana.sy\/es\/wp-content\/uploads\/2021\/09\/WAS9533-768x512.jpg 768w, https:\/\/archive.sana.sy\/es\/wp-content\/uploads\/2021\/09\/WAS9533-1536x1024.jpg 1536w, https:\/\/archive.sana.sy\/es\/wp-content\/uploads\/2021\/09\/WAS9533-2048x1366.jpg 2048w\" sizes=\"(max-width: 2126px) 100vw, 2126px\" \/><\/a>\n\t\t\t<\/div><\/figure><figure class='gallery-item'>\n\t\t\t<div class='gallery-icon landscape'>\n\t\t\t\t<a href='https:\/\/archive.sana.sy\/es\/?attachment_id=198265'><img loading=\"lazy\" decoding=\"async\" width=\"2126\" height=\"1366\" src=\"https:\/\/archive.sana.sy\/es\/wp-content\/uploads\/2021\/09\/WAS9593.jpg\" class=\"attachment-full size-full\" alt=\"\" srcset=\"https:\/\/archive.sana.sy\/es\/wp-content\/uploads\/2021\/09\/WAS9593.jpg 2126w, https:\/\/archive.sana.sy\/es\/wp-content\/uploads\/2021\/09\/WAS9593-300x193.jpg 300w, https:\/\/archive.sana.sy\/es\/wp-content\/uploads\/2021\/09\/WAS9593-1024x658.jpg 1024w, https:\/\/archive.sana.sy\/es\/wp-content\/uploads\/2021\/09\/WAS9593-150x96.jpg 150w, https:\/\/archive.sana.sy\/es\/wp-content\/uploads\/2021\/09\/WAS9593-768x493.jpg 768w, https:\/\/archive.sana.sy\/es\/wp-content\/uploads\/2021\/09\/WAS9593-1536x987.jpg 1536w, https:\/\/archive.sana.sy\/es\/wp-content\/uploads\/2021\/09\/WAS9593-2048x1316.jpg 2048w\" sizes=\"(max-width: 2126px) 100vw, 2126px\" \/><\/a>\n\t\t\t<\/div><\/figure><figure class='gallery-item'>\n\t\t\t<div class='gallery-icon landscape'>\n\t\t\t\t<a href='https:\/\/archive.sana.sy\/es\/?attachment_id=198266'><img loading=\"lazy\" decoding=\"async\" width=\"2126\" height=\"1346\" src=\"https:\/\/archive.sana.sy\/es\/wp-content\/uploads\/2021\/09\/WAS9605.jpg\" class=\"attachment-full size-full\" alt=\"\" srcset=\"https:\/\/archive.sana.sy\/es\/wp-content\/uploads\/2021\/09\/WAS9605.jpg 2126w, https:\/\/archive.sana.sy\/es\/wp-content\/uploads\/2021\/09\/WAS9605-300x190.jpg 300w, https:\/\/archive.sana.sy\/es\/wp-content\/uploads\/2021\/09\/WAS9605-1024x648.jpg 1024w, https:\/\/archive.sana.sy\/es\/wp-content\/uploads\/2021\/09\/WAS9605-150x95.jpg 150w, https:\/\/archive.sana.sy\/es\/wp-content\/uploads\/2021\/09\/WAS9605-768x486.jpg 768w, https:\/\/archive.sana.sy\/es\/wp-content\/uploads\/2021\/09\/WAS9605-1536x972.jpg 1536w, https:\/\/archive.sana.sy\/es\/wp-content\/uploads\/2021\/09\/WAS9605-2048x1297.jpg 2048w\" sizes=\"(max-width: 2126px) 100vw, 2126px\" \/><\/a>\n\t\t\t<\/div><\/figure><figure class='gallery-item'>\n\t\t\t<div class='gallery-icon landscape'>\n\t\t\t\t<a href='https:\/\/archive.sana.sy\/es\/?attachment_id=198267'><img loading=\"lazy\" decoding=\"async\" width=\"2126\" height=\"1307\" src=\"https:\/\/archive.sana.sy\/es\/wp-content\/uploads\/2021\/09\/WAS9620.jpg\" class=\"attachment-full size-full\" alt=\"\" srcset=\"https:\/\/archive.sana.sy\/es\/wp-content\/uploads\/2021\/09\/WAS9620.jpg 2126w, https:\/\/archive.sana.sy\/es\/wp-content\/uploads\/2021\/09\/WAS9620-300x184.jpg 300w, https:\/\/archive.sana.sy\/es\/wp-content\/uploads\/2021\/09\/WAS9620-1024x630.jpg 1024w, https:\/\/archive.sana.sy\/es\/wp-content\/uploads\/2021\/09\/WAS9620-150x92.jpg 150w, https:\/\/archive.sana.sy\/es\/wp-content\/uploads\/2021\/09\/WAS9620-768x472.jpg 768w, https:\/\/archive.sana.sy\/es\/wp-content\/uploads\/2021\/09\/WAS9620-1536x944.jpg 1536w, https:\/\/archive.sana.sy\/es\/wp-content\/uploads\/2021\/09\/WAS9620-2048x1259.jpg 2048w\" sizes=\"(max-width: 2126px) 100vw, 2126px\" \/><\/a>\n\t\t\t<\/div><\/figure><figure class='gallery-item'>\n\t\t\t<div class='gallery-icon landscape'>\n\t\t\t\t<a href='https:\/\/archive.sana.sy\/es\/?attachment_id=198271'><img loading=\"lazy\" decoding=\"async\" width=\"2126\" height=\"1277\" src=\"https:\/\/archive.sana.sy\/es\/wp-content\/uploads\/2021\/09\/000-2.jpg\" class=\"attachment-full size-full\" alt=\"\" srcset=\"https:\/\/archive.sana.sy\/es\/wp-content\/uploads\/2021\/09\/000-2.jpg 2126w, https:\/\/archive.sana.sy\/es\/wp-content\/uploads\/2021\/09\/000-2-300x180.jpg 300w, https:\/\/archive.sana.sy\/es\/wp-content\/uploads\/2021\/09\/000-2-1024x615.jpg 1024w, https:\/\/archive.sana.sy\/es\/wp-content\/uploads\/2021\/09\/000-2-150x90.jpg 150w, https:\/\/archive.sana.sy\/es\/wp-content\/uploads\/2021\/09\/000-2-768x461.jpg 768w, https:\/\/archive.sana.sy\/es\/wp-content\/uploads\/2021\/09\/000-2-1536x923.jpg 1536w, https:\/\/archive.sana.sy\/es\/wp-content\/uploads\/2021\/09\/000-2-2048x1230.jpg 2048w\" sizes=\"(max-width: 2126px) 100vw, 2126px\" \/><\/a>\n\t\t\t<\/div><\/figure>\n\t\t<\/div>\n\n<p style=\"text-align: justify\">\n","protected":false},"excerpt":{"rendered":"<p>Damasco, SANA Con sus tres minaretes, la Gran Mezquita de los Omeyas es un testigo hist\u00f3rico y arquitect\u00f3nico de la majestuosidad de la capital, Damasco. Los minaretes de esta gran obra arquitect\u00f3nica se asociaron hist\u00f3ricamente con todas las etapas isl\u00e1micas, comenzando desde la conquista isl\u00e1mica a trav\u00e9s del imperio Omeya cuya capital era Damasco, hasta &hellip;<\/p>\n","protected":false},"author":39,"featured_media":198274,"comment_status":"closed","ping_status":"closed","sticky":false,"template":"","format":"standard","meta":{"footnotes":""},"categories":[477,597,476,583,18781],"tags":[],"class_list":["post-198254","post","type-post","status-publish","format-standard","has-post-thumbnail","","category-noticias-edulcorantes","category-cinta-de-noticias","category-locales","category-slide","category-vistazos-sobre-siria"],"_links":{"self":[{"href":"https:\/\/archive.sana.sy\/es\/index.php?rest_route=\/wp\/v2\/posts\/198254"}],"collection":[{"href":"https:\/\/archive.sana.sy\/es\/index.php?rest_route=\/wp\/v2\/posts"}],"about":[{"href":"https:\/\/archive.sana.sy\/es\/index.php?rest_route=\/wp\/v2\/types\/post"}],"author":[{"embeddable":true,"href":"https:\/\/archive.sana.sy\/es\/index.php?rest_route=\/wp\/v2\/users\/39"}],"replies":[{"embeddable":true,"href":"https:\/\/archive.sana.sy\/es\/index.php?rest_route=%2Fwp%2Fv2%2Fcomments&post=198254"}],"version-history":[{"count":0,"href":"https:\/\/archive.sana.sy\/es\/index.php?rest_route=\/wp\/v2\/posts\/198254\/revisions"}],"wp:featuredmedia":[{"embeddable":true,"href":"https:\/\/archive.sana.sy\/es\/index.php?rest_route=\/wp\/v2\/media\/198274"}],"wp:attachment":[{"href":"https:\/\/archive.sana.sy\/es\/index.php?rest_route=%2Fwp%2Fv2%2Fmedia&parent=198254"}],"wp:term":[{"taxonomy":"category","embeddable":true,"href":"https:\/\/archive.sana.sy\/es\/index.php?rest_route=%2Fwp%2Fv2%2Fcategories&post=198254"},{"taxonomy":"post_tag","embeddable":true,"href":"https:\/\/archive.sana.sy\/es\/index.php?rest_route=%2Fwp%2Fv2%2Ftags&post=198254"}],"curies":[{"name":"wp","href":"https:\/\/api.w.org\/{rel}","templated":true}]}}