{"id":198255,"date":"2021-09-24T16:03:35","date_gmt":"2021-09-24T13:03:35","guid":{"rendered":"http:\/\/107.6.182.27\/es\/?p=198255"},"modified":"2023-01-10T14:26:04","modified_gmt":"2023-01-10T12:26:04","slug":"al-mekdad-insta-a-la-retirada-de-tropas-estadunidense-de-siria","status":"publish","type":"post","link":"https:\/\/archive.sana.sy\/es\/?p=198255","title":{"rendered":"Al-Mekdad insta a la retirada de tropas estadunidense de Siria"},"content":{"rendered":"<p style=\"text-align: justify;\"><span style=\"color: #800000;\"><strong>Nueva York, SANA<\/strong><\/span><\/p>\n<p style=\"text-align: justify;\">El ministro de Exteriores de Siria, Faisal al-Mekdad, afirma que EEUU esta en la obligaci\u00f3n de retirar a sus tropas de Siria.<\/p>\n<p style=\"text-align: justify;\">\u201cLa presencia de las fuerzas estadounidenses en Siria es ilegal y deber\u00edan marcharse de inmediato\u201d, dijo el canciller sirio al canal de televisi\u00f3n Russia 24.<\/p>\n<p style=\"text-align: justify;\">\u201cSi no lo hacen, terminar\u00e1n igual que en Afganist\u00e1n o en cualquier otro pa\u00eds\u201d, agreg\u00f3.<\/p>\n<p style=\"text-align: justify;\"><span style=\"color: #0000ff;\"><strong>sm\/rsh<\/strong><\/span><\/p>\n","protected":false},"excerpt":{"rendered":"<p>Nueva York, SANA El ministro de Exteriores de Siria, Faisal al-Mekdad, afirma que EEUU esta en la obligaci\u00f3n de retirar a sus tropas de Siria. \u201cLa presencia de las fuerzas estadounidenses en Siria es ilegal y deber\u00edan marcharse de inmediato\u201d, dijo el canciller sirio al canal de televisi\u00f3n Russia 24. \u201cSi no lo hacen, terminar\u00e1n &hellip;<\/p>\n","protected":false},"author":39,"featured_media":198256,"comment_status":"closed","ping_status":"closed","sticky":false,"template":"","format":"standard","meta":{"footnotes":""},"categories":[447,597,457,467,7541],"tags":[],"class_list":["post-198255","post","type-post","status-publish","format-standard","has-post-thumbnail","","category-local-politica","category-cinta-de-noticias","category-noticias-arabe-internacional-politica","category-siria-y-el-mundo","category-ultimas-noticias"],"_links":{"self":[{"href":"https:\/\/archive.sana.sy\/es\/index.php?rest_route=\/wp\/v2\/posts\/198255"}],"collection":[{"href":"https:\/\/archive.sana.sy\/es\/index.php?rest_route=\/wp\/v2\/posts"}],"about":[{"href":"https:\/\/archive.sana.sy\/es\/index.php?rest_route=\/wp\/v2\/types\/post"}],"author":[{"embeddable":true,"href":"https:\/\/archive.sana.sy\/es\/index.php?rest_route=\/wp\/v2\/users\/39"}],"replies":[{"embeddable":true,"href":"https:\/\/archive.sana.sy\/es\/index.php?rest_route=%2Fwp%2Fv2%2Fcomments&post=198255"}],"version-history":[{"count":0,"href":"https:\/\/archive.sana.sy\/es\/index.php?rest_route=\/wp\/v2\/posts\/198255\/revisions"}],"wp:featuredmedia":[{"embeddable":true,"href":"https:\/\/archive.sana.sy\/es\/index.php?rest_route=\/wp\/v2\/media\/198256"}],"wp:attachment":[{"href":"https:\/\/archive.sana.sy\/es\/index.php?rest_route=%2Fwp%2Fv2%2Fmedia&parent=198255"}],"wp:term":[{"taxonomy":"category","embeddable":true,"href":"https:\/\/archive.sana.sy\/es\/index.php?rest_route=%2Fwp%2Fv2%2Fcategories&post=198255"},{"taxonomy":"post_tag","embeddable":true,"href":"https:\/\/archive.sana.sy\/es\/index.php?rest_route=%2Fwp%2Fv2%2Ftags&post=198255"}],"curies":[{"name":"wp","href":"https:\/\/api.w.org\/{rel}","templated":true}]}}