{"id":198391,"date":"2021-09-25T16:56:24","date_gmt":"2021-09-25T13:56:24","guid":{"rendered":"http:\/\/107.6.182.27\/es\/?p=198391"},"modified":"2023-01-10T14:26:01","modified_gmt":"2023-01-10T12:26:01","slug":"siria-fue-y-sigue-siendo-el-principal-respaldo-de-el-libano-afirman-parlamentarios-libaneses","status":"publish","type":"post","link":"https:\/\/archive.sana.sy\/es\/?p=198391","title":{"rendered":"Siria fue y sigue siendo el principal respaldo de El L\u00edbano, afirman parlamentarios libaneses"},"content":{"rendered":"<p style=\"text-align: justify;\"><span style=\"color: #800000;\"><strong>Beirut, SANA<\/strong><\/span><\/p>\n<p style=\"text-align: justify;\">El Bloque Parlamentario Liban\u00e9s de Baalbek-Hermel afirm\u00f3 que Siria siempre ha sido el principal partidario del L\u00edbano y su pueblo frente a las presiones y asedios a los que est\u00e1 sometido.<\/p>\n<p style=\"text-align: justify;\">El Bloque expres\u00f3, en una declaraci\u00f3n hoy, su agradecimiento a Siria por su apoyo al pueblo liban\u00e9s, permiti\u00e9ndole salir de la severa crisis que le impuso el bloqueo estadounidense.<\/p>\n<p style=\"text-align: justify;\">Inst\u00f3 considerar a Siria, Rusia, China, Ir\u00e1n e Irak como socios econ\u00f3micos para contribuir a salvar a El L\u00edbano de sus crisis.<\/p>\n<p style=\"text-align: justify;\"><span style=\"color: #0000ff;\"><strong>sm\/rsh<\/strong><\/span><\/p>\n","protected":false},"excerpt":{"rendered":"<p>Beirut, SANA El Bloque Parlamentario Liban\u00e9s de Baalbek-Hermel afirm\u00f3 que Siria siempre ha sido el principal partidario del L\u00edbano y su pueblo frente a las presiones y asedios a los que est\u00e1 sometido. El Bloque expres\u00f3, en una declaraci\u00f3n hoy, su agradecimiento a Siria por su apoyo al pueblo liban\u00e9s, permiti\u00e9ndole salir de la severa &hellip;<\/p>\n","protected":false},"author":39,"featured_media":198392,"comment_status":"closed","ping_status":"closed","sticky":false,"template":"","format":"standard","meta":{"footnotes":""},"categories":[447,597,457,467,7541],"tags":[],"class_list":["post-198391","post","type-post","status-publish","format-standard","has-post-thumbnail","","category-local-politica","category-cinta-de-noticias","category-noticias-arabe-internacional-politica","category-siria-y-el-mundo","category-ultimas-noticias"],"_links":{"self":[{"href":"https:\/\/archive.sana.sy\/es\/index.php?rest_route=\/wp\/v2\/posts\/198391"}],"collection":[{"href":"https:\/\/archive.sana.sy\/es\/index.php?rest_route=\/wp\/v2\/posts"}],"about":[{"href":"https:\/\/archive.sana.sy\/es\/index.php?rest_route=\/wp\/v2\/types\/post"}],"author":[{"embeddable":true,"href":"https:\/\/archive.sana.sy\/es\/index.php?rest_route=\/wp\/v2\/users\/39"}],"replies":[{"embeddable":true,"href":"https:\/\/archive.sana.sy\/es\/index.php?rest_route=%2Fwp%2Fv2%2Fcomments&post=198391"}],"version-history":[{"count":0,"href":"https:\/\/archive.sana.sy\/es\/index.php?rest_route=\/wp\/v2\/posts\/198391\/revisions"}],"wp:featuredmedia":[{"embeddable":true,"href":"https:\/\/archive.sana.sy\/es\/index.php?rest_route=\/wp\/v2\/media\/198392"}],"wp:attachment":[{"href":"https:\/\/archive.sana.sy\/es\/index.php?rest_route=%2Fwp%2Fv2%2Fmedia&parent=198391"}],"wp:term":[{"taxonomy":"category","embeddable":true,"href":"https:\/\/archive.sana.sy\/es\/index.php?rest_route=%2Fwp%2Fv2%2Fcategories&post=198391"},{"taxonomy":"post_tag","embeddable":true,"href":"https:\/\/archive.sana.sy\/es\/index.php?rest_route=%2Fwp%2Fv2%2Ftags&post=198391"}],"curies":[{"name":"wp","href":"https:\/\/api.w.org\/{rel}","templated":true}]}}