{"id":198467,"date":"2021-09-26T10:05:21","date_gmt":"2021-09-26T07:05:21","guid":{"rendered":"http:\/\/107.6.182.27\/es\/?p=198467"},"modified":"2023-01-12T14:40:15","modified_gmt":"2023-01-12T12:40:15","slug":"iran-y-venezuela-desafian-sanciones-de-eeuu-y-firman-acuerdo-para-exportacion-de-petroleo","status":"publish","type":"post","link":"https:\/\/archive.sana.sy\/es\/?p=198467","title":{"rendered":"Ir\u00e1n y Venezuela desaf\u00edan sanciones de EEUU y firman acuerdo para exportaci\u00f3n de petr\u00f3leo"},"content":{"rendered":"<p style=\"text-align: justify;\"><strong><span style=\"color: #800000;\">Caracas -Teher\u00e1n, SANA<\/span><\/strong><\/p>\n<p style=\"text-align: justify;\">Venezuela e Ir\u00e1n alcanzaron un acuerdo para exportaci\u00f3n de petr\u00f3leo desafiando las sanciones impuestas por Estados Unidos a estas dos naciones.<\/p>\n<p style=\"text-align: justify;\">Seg\u00fan inform\u00f3 la agencia de noticias Fars, Caracas acord\u00f3 un contrato para el trueque de su crudo por condensados iran\u00edes que se pueden utilizar para mejorar la calidad de su crudo similar al alquitr\u00e1n.<\/p>\n<p style=\"text-align: justify;\">El contrato de trueque tendr\u00e1 una duraci\u00f3n de seis meses en su primera fase y es prorrogable .<\/p>\n<p style=\"text-align: justify;\"><span style=\"color: #0000ff;\"><strong>ws\/fm<\/strong><\/span><\/p>\n","protected":false},"excerpt":{"rendered":"<p>Caracas -Teher\u00e1n, SANA Venezuela e Ir\u00e1n alcanzaron un acuerdo para exportaci\u00f3n de petr\u00f3leo desafiando las sanciones impuestas por Estados Unidos a estas dos naciones. Seg\u00fan inform\u00f3 la agencia de noticias Fars, Caracas acord\u00f3 un contrato para el trueque de su crudo por condensados iran\u00edes que se pueden utilizar para mejorar la calidad de su crudo &hellip;<\/p>\n","protected":false},"author":35,"featured_media":198468,"comment_status":"closed","ping_status":"closed","sticky":false,"template":"","format":"standard","meta":{"footnotes":""},"categories":[447,597,456],"tags":[],"class_list":["post-198467","post","type-post","status-publish","format-standard","has-post-thumbnail","","category-local-politica","category-cinta-de-noticias","category-arabe-internacional-politica"],"_links":{"self":[{"href":"https:\/\/archive.sana.sy\/es\/index.php?rest_route=\/wp\/v2\/posts\/198467"}],"collection":[{"href":"https:\/\/archive.sana.sy\/es\/index.php?rest_route=\/wp\/v2\/posts"}],"about":[{"href":"https:\/\/archive.sana.sy\/es\/index.php?rest_route=\/wp\/v2\/types\/post"}],"author":[{"embeddable":true,"href":"https:\/\/archive.sana.sy\/es\/index.php?rest_route=\/wp\/v2\/users\/35"}],"replies":[{"embeddable":true,"href":"https:\/\/archive.sana.sy\/es\/index.php?rest_route=%2Fwp%2Fv2%2Fcomments&post=198467"}],"version-history":[{"count":0,"href":"https:\/\/archive.sana.sy\/es\/index.php?rest_route=\/wp\/v2\/posts\/198467\/revisions"}],"wp:featuredmedia":[{"embeddable":true,"href":"https:\/\/archive.sana.sy\/es\/index.php?rest_route=\/wp\/v2\/media\/198468"}],"wp:attachment":[{"href":"https:\/\/archive.sana.sy\/es\/index.php?rest_route=%2Fwp%2Fv2%2Fmedia&parent=198467"}],"wp:term":[{"taxonomy":"category","embeddable":true,"href":"https:\/\/archive.sana.sy\/es\/index.php?rest_route=%2Fwp%2Fv2%2Fcategories&post=198467"},{"taxonomy":"post_tag","embeddable":true,"href":"https:\/\/archive.sana.sy\/es\/index.php?rest_route=%2Fwp%2Fv2%2Ftags&post=198467"}],"curies":[{"name":"wp","href":"https:\/\/api.w.org\/{rel}","templated":true}]}}