{"id":198470,"date":"2021-09-26T10:13:04","date_gmt":"2021-09-26T07:13:04","guid":{"rendered":"http:\/\/107.6.182.27\/es\/?p=198470"},"modified":"2023-01-10T14:25:59","modified_gmt":"2023-01-10T12:25:59","slug":"perspectivas-de-impulsar-el-proceso-politico-en-siria-centran-conversaciones-de-pedersen-con-el-viceministro-ruso","status":"publish","type":"post","link":"https:\/\/archive.sana.sy\/es\/?p=198470","title":{"rendered":"Perspectivas de impulsar el proceso pol\u00edtico en Siria centran conversaciones de Pedersen con el viceministro ruso"},"content":{"rendered":"<p style=\"text-align: justify;\"><strong><span style=\"color: #800000;\">Mosc\u00fa, SANA<\/span><\/strong><\/p>\n<p style=\"text-align: justify;\">El viceministro de Exteriores de Rusia, Sergei Vershinin, y el Enviado Especial del Secretario General de la ONU a Siria, Geir Pedersen, discutieron las perspectivas para impulsar el proceso pol\u00edtico encaminado a resolver la crisis en Siria.<\/p>\n<p style=\"text-align: justify;\">Un comunicado de la Canciller\u00eda rusa indic\u00f3 que las dos partes mantuvieron profundas conversaciones sobre las formas de avanzar hacia una soluci\u00f3n pol\u00edtica protagonizada por los propios sirios con la ayuda de las Naciones Unidas, como es estipulado en la Resoluci\u00f3n 2254 del Consejo de Seguridad de la ONU&#8221;.<\/p>\n<p style=\"text-align: justify;\">La nota indic\u00f3 que ambos funcionarios enfatizaron la importancia de reanudar las reuniones del Comit\u00e9 de Discusi\u00f3n de la Constituci\u00f3n en Ginebra y la continuaci\u00f3n del di\u00e1logo sirio sin ninguna interferencia externa.<\/p>\n<p style=\"text-align: justify;\"><span style=\"color: #0000ff;\"><strong>ws\/fm<\/strong><\/span><\/p>\n","protected":false},"excerpt":{"rendered":"<p>Mosc\u00fa, SANA El viceministro de Exteriores de Rusia, Sergei Vershinin, y el Enviado Especial del Secretario General de la ONU a Siria, Geir Pedersen, discutieron las perspectivas para impulsar el proceso pol\u00edtico encaminado a resolver la crisis en Siria. Un comunicado de la Canciller\u00eda rusa indic\u00f3 que las dos partes mantuvieron profundas conversaciones sobre las &hellip;<\/p>\n","protected":false},"author":35,"featured_media":198473,"comment_status":"closed","ping_status":"closed","sticky":false,"template":"","format":"standard","meta":{"footnotes":""},"categories":[447,597,467,7541],"tags":[],"class_list":["post-198470","post","type-post","status-publish","format-standard","has-post-thumbnail","","category-local-politica","category-cinta-de-noticias","category-siria-y-el-mundo","category-ultimas-noticias"],"_links":{"self":[{"href":"https:\/\/archive.sana.sy\/es\/index.php?rest_route=\/wp\/v2\/posts\/198470"}],"collection":[{"href":"https:\/\/archive.sana.sy\/es\/index.php?rest_route=\/wp\/v2\/posts"}],"about":[{"href":"https:\/\/archive.sana.sy\/es\/index.php?rest_route=\/wp\/v2\/types\/post"}],"author":[{"embeddable":true,"href":"https:\/\/archive.sana.sy\/es\/index.php?rest_route=\/wp\/v2\/users\/35"}],"replies":[{"embeddable":true,"href":"https:\/\/archive.sana.sy\/es\/index.php?rest_route=%2Fwp%2Fv2%2Fcomments&post=198470"}],"version-history":[{"count":0,"href":"https:\/\/archive.sana.sy\/es\/index.php?rest_route=\/wp\/v2\/posts\/198470\/revisions"}],"wp:featuredmedia":[{"embeddable":true,"href":"https:\/\/archive.sana.sy\/es\/index.php?rest_route=\/wp\/v2\/media\/198473"}],"wp:attachment":[{"href":"https:\/\/archive.sana.sy\/es\/index.php?rest_route=%2Fwp%2Fv2%2Fmedia&parent=198470"}],"wp:term":[{"taxonomy":"category","embeddable":true,"href":"https:\/\/archive.sana.sy\/es\/index.php?rest_route=%2Fwp%2Fv2%2Fcategories&post=198470"},{"taxonomy":"post_tag","embeddable":true,"href":"https:\/\/archive.sana.sy\/es\/index.php?rest_route=%2Fwp%2Fv2%2Ftags&post=198470"}],"curies":[{"name":"wp","href":"https:\/\/api.w.org\/{rel}","templated":true}]}}