{"id":19852,"date":"2015-03-20T17:39:51","date_gmt":"2015-03-20T15:39:51","guid":{"rendered":"http:\/\/www.sana.sy\/es\/?p=19852"},"modified":"2015-03-20T17:45:15","modified_gmt":"2015-03-20T15:45:15","slug":"el-ministro-aleman-gerd-muller-la-crisis-en-siria-necesidad-de-soluciones-diplomaticas","status":"publish","type":"post","link":"https:\/\/archive.sana.sy\/es\/?p=19852","title":{"rendered":"El Ministro Alem\u00e1n  Gerd M\u00fcller: La crisis en Siria necesita soluciones diplom\u00e1ticas"},"content":{"rendered":"<p style=\"text-align: justify\"><span style=\"color: #0000ff\">Beirut-SANA<\/span><\/p>\n<p>El Ministro de Cooperaci\u00f3n\u00a0 Econ\u00f3mica de\u00a0 Alemania\u00a0\u00a0 Gerd M\u00fcller, confirm\u00f3\u00a0 la importancia de una soluci\u00f3n pol\u00edtica a la crisis en Siria, declarando que el\u00a0 objetivo\u00a0 es\u00a0 poner fin a la crisis\u201d.<\/p>\n<p>M\u00fcller, en una declaraci\u00f3n\u00a0\u00a0 hoy\u00a0 en el marco de su visita a L\u00edbano, &#8220;la crisis en Siria necesita soluciones diplom\u00e1ticas, y debe utilizar todos los medios disponibles en todos los \u00e1mbitos diplom\u00e1ticos y por las iniciativas diplom\u00e1ticas para detener la guerra&#8221;, se\u00f1alando que el deber\u00a0 de las Naciones Unidas\u00a0 es la b\u00fasqueda de soluciones a trav\u00e9s\u00a0 de su enviado especial Staffan de Mistura<\/p>\n<p>Cabe decir que El ministro de Exteriores alem\u00e1n ha se\u00f1alado anteriormente\u00a0 que\u00a0 las conversaciones con el presidente sirio pueden ser necesarias con el fin de hallar una soluci\u00f3n que ponga fin a la crisis de cuatro a\u00f1os en el pa\u00eds \u00e1rabe.<\/p>\n<p><span style=\"color: #800000\">M.Miri<\/span><\/p>\n","protected":false},"excerpt":{"rendered":"<p>Beirut-SANA El Ministro de Cooperaci\u00f3n\u00a0 Econ\u00f3mica de\u00a0 Alemania\u00a0\u00a0 Gerd M\u00fcller, confirm\u00f3\u00a0 la importancia de una soluci\u00f3n pol\u00edtica a la crisis en Siria, declarando que el\u00a0 objetivo\u00a0 es\u00a0 poner fin a la crisis\u201d. M\u00fcller, en una declaraci\u00f3n\u00a0\u00a0 hoy\u00a0 en el marco de su visita a L\u00edbano, &#8220;la crisis en Siria necesita soluciones diplom\u00e1ticas, y debe utilizar &hellip;<\/p>\n","protected":false},"author":1,"featured_media":19853,"comment_status":"closed","ping_status":"closed","sticky":false,"template":"","format":"standard","meta":{"footnotes":""},"categories":[597,456,457,576],"tags":[4496,4497,4498],"class_list":["post-19852","post","type-post","status-publish","format-standard","has-post-thumbnail","","category-cinta-de-noticias","category-arabe-internacional-politica","category-noticias-arabe-internacional-politica","category-noticias-politicas","tag-el-ministro-aleman-gerd-muller-la-crisis-en-siria-necesidad-de-soluciones-diplomaticas","tag-el-ministro-aleman-gerd-muller-la-crisis-en-siria-necesita-de-soluciones-diplomaticas","tag-el-ministro-aleman-gerd-muller-la-crisis-en-siria-necesita-soluciones-diplomaticas"],"_links":{"self":[{"href":"https:\/\/archive.sana.sy\/es\/index.php?rest_route=\/wp\/v2\/posts\/19852"}],"collection":[{"href":"https:\/\/archive.sana.sy\/es\/index.php?rest_route=\/wp\/v2\/posts"}],"about":[{"href":"https:\/\/archive.sana.sy\/es\/index.php?rest_route=\/wp\/v2\/types\/post"}],"author":[{"embeddable":true,"href":"https:\/\/archive.sana.sy\/es\/index.php?rest_route=\/wp\/v2\/users\/1"}],"replies":[{"embeddable":true,"href":"https:\/\/archive.sana.sy\/es\/index.php?rest_route=%2Fwp%2Fv2%2Fcomments&post=19852"}],"version-history":[{"count":0,"href":"https:\/\/archive.sana.sy\/es\/index.php?rest_route=\/wp\/v2\/posts\/19852\/revisions"}],"wp:featuredmedia":[{"embeddable":true,"href":"https:\/\/archive.sana.sy\/es\/index.php?rest_route=\/wp\/v2\/media\/19853"}],"wp:attachment":[{"href":"https:\/\/archive.sana.sy\/es\/index.php?rest_route=%2Fwp%2Fv2%2Fmedia&parent=19852"}],"wp:term":[{"taxonomy":"category","embeddable":true,"href":"https:\/\/archive.sana.sy\/es\/index.php?rest_route=%2Fwp%2Fv2%2Fcategories&post=19852"},{"taxonomy":"post_tag","embeddable":true,"href":"https:\/\/archive.sana.sy\/es\/index.php?rest_route=%2Fwp%2Fv2%2Ftags&post=19852"}],"curies":[{"name":"wp","href":"https:\/\/api.w.org\/{rel}","templated":true}]}}