{"id":198596,"date":"2021-09-27T11:12:10","date_gmt":"2021-09-27T08:12:10","guid":{"rendered":"http:\/\/107.6.182.27\/es\/?p=198596"},"modified":"2023-01-10T14:25:57","modified_gmt":"2023-01-10T12:25:57","slug":"ocupacion-turca-bombardea-con-artilleria-varias-aldeas-en-alepo","status":"publish","type":"post","link":"https:\/\/archive.sana.sy\/es\/?p=198596","title":{"rendered":"Ocupaci\u00f3n turca bombardea con artiller\u00eda varias aldeas en Alepo"},"content":{"rendered":"<p style=\"text-align: justify;\"><strong><span style=\"color: #800000;\">Alepo, SANA<\/span><\/strong><\/p>\n<p style=\"text-align: justify;\">Las fuerzas de ocupaci\u00f3n turcas y los mercenarios qoe operan bajo suy mando bombardearon varias localidades en las cercan\u00edas de la ciudad ocupada de Azaz en el norte de la provincia de Alepo.<\/p>\n<p style=\"text-align: justify;\">El bombardeo, seg\u00fan reportes del corresponsal de SANA en Alepo, se perpetr\u00f3 con artiller\u00eda y cohetes y ocasion\u00f3 da\u00f1os en propiedades p\u00fablicas y privadas en las comunidades residenciales de Burj Al-Qas, Mayassa y Sheikh Issa.<\/p>\n<p style=\"text-align: justify;\">Tambi\u00e9n, hubo da\u00f1os en los cultivos agr\u00edcolas.<\/p>\n<p style=\"text-align: justify;\">El d\u00eda 14 de este mes, terroristas de las agrupaciones llamadas Sultan Murad y Failaq Al-Cham, que operan bajo \u00f3rdenes de la ocupaci\u00f3n turca, impidieron que los pobladores tuvieran acceso a sus tierras agr\u00edcolas en el municipio de Afrin.<\/p>\n<p style=\"text-align: justify;\"><strong><span style=\"color: #0000ff;\">fm\/ed<\/span><\/strong><\/p>\n","protected":false},"excerpt":{"rendered":"<p>Alepo, SANA Las fuerzas de ocupaci\u00f3n turcas y los mercenarios qoe operan bajo suy mando bombardearon varias localidades en las cercan\u00edas de la ciudad ocupada de Azaz en el norte de la provincia de Alepo. El bombardeo, seg\u00fan reportes del corresponsal de SANA en Alepo, se perpetr\u00f3 con artiller\u00eda y cohetes y ocasion\u00f3 da\u00f1os en &hellip;<\/p>\n","protected":false},"author":32,"featured_media":198533,"comment_status":"closed","ping_status":"closed","sticky":false,"template":"","format":"standard","meta":{"footnotes":""},"categories":[447,477,597,476,7541],"tags":[],"class_list":["post-198596","post","type-post","status-publish","format-standard","has-post-thumbnail","","category-local-politica","category-noticias-edulcorantes","category-cinta-de-noticias","category-locales","category-ultimas-noticias"],"_links":{"self":[{"href":"https:\/\/archive.sana.sy\/es\/index.php?rest_route=\/wp\/v2\/posts\/198596"}],"collection":[{"href":"https:\/\/archive.sana.sy\/es\/index.php?rest_route=\/wp\/v2\/posts"}],"about":[{"href":"https:\/\/archive.sana.sy\/es\/index.php?rest_route=\/wp\/v2\/types\/post"}],"author":[{"embeddable":true,"href":"https:\/\/archive.sana.sy\/es\/index.php?rest_route=\/wp\/v2\/users\/32"}],"replies":[{"embeddable":true,"href":"https:\/\/archive.sana.sy\/es\/index.php?rest_route=%2Fwp%2Fv2%2Fcomments&post=198596"}],"version-history":[{"count":0,"href":"https:\/\/archive.sana.sy\/es\/index.php?rest_route=\/wp\/v2\/posts\/198596\/revisions"}],"wp:featuredmedia":[{"embeddable":true,"href":"https:\/\/archive.sana.sy\/es\/index.php?rest_route=\/wp\/v2\/media\/198533"}],"wp:attachment":[{"href":"https:\/\/archive.sana.sy\/es\/index.php?rest_route=%2Fwp%2Fv2%2Fmedia&parent=198596"}],"wp:term":[{"taxonomy":"category","embeddable":true,"href":"https:\/\/archive.sana.sy\/es\/index.php?rest_route=%2Fwp%2Fv2%2Fcategories&post=198596"},{"taxonomy":"post_tag","embeddable":true,"href":"https:\/\/archive.sana.sy\/es\/index.php?rest_route=%2Fwp%2Fv2%2Ftags&post=198596"}],"curies":[{"name":"wp","href":"https:\/\/api.w.org\/{rel}","templated":true}]}}