{"id":198605,"date":"2021-09-27T12:43:35","date_gmt":"2021-09-27T09:43:35","guid":{"rendered":"http:\/\/107.6.182.27\/es\/?p=198605"},"modified":"2023-01-10T14:25:57","modified_gmt":"2023-01-10T12:25:57","slug":"washington-envia-convoy-de-50-vehiculos-y-camiones-a-sus-bases-ilegales-en-siria","status":"publish","type":"post","link":"https:\/\/archive.sana.sy\/es\/?p=198605","title":{"rendered":"Washington env\u00eda convoy de 50 veh\u00edculos y camiones a sus bases ilegales en Siria"},"content":{"rendered":"<p style=\"text-align: justify;\"><strong><span style=\"color: #800000;\">Hasakeh, SANA<\/span><\/strong><\/p>\n<p style=\"text-align: justify;\">Las fuerzas de ocupaci\u00f3n estadounidenses ingresaron hoy un nuevo convoy de camiones cargados con equipos militares y material log\u00edstico.<\/p>\n<p style=\"text-align: justify;\">La columna proced\u00eda del territorio iraqu\u00ed y entr\u00f3 a trav\u00e9s del cruce ilegal de al-Walid para reforzar las bases de Washington en el \u00e1rea de al-Jazira en Siria.<\/p>\n<p style=\"text-align: justify;\">Activistas locales de la localidad de Yarubiyah cerca de la frontera iraqu\u00ed informaron al corresponsal de SANA, que la caravana estaba conformada de 50 camiones, contenedores y camiones cisterna, adem\u00e1s de veh\u00edculos blindados y equipos militares.<\/p>\n<p style=\"text-align: justify;\">El convoy se dirigi\u00f3 hacia al aeropuerto de Kharab al-Jir donde Washington estableci\u00f3 una base, y luego a la base de Shaddadi al sur de la provincia de provincia de Hasakeh.<\/p>\n<p style=\"text-align: justify;\"><strong><span style=\"color: #0000ff;\">ed\/fm<\/span><\/strong><\/p>\n","protected":false},"excerpt":{"rendered":"<p>Hasakeh, SANA Las fuerzas de ocupaci\u00f3n estadounidenses ingresaron hoy un nuevo convoy de camiones cargados con equipos militares y material log\u00edstico. La columna proced\u00eda del territorio iraqu\u00ed y entr\u00f3 a trav\u00e9s del cruce ilegal de al-Walid para reforzar las bases de Washington en el \u00e1rea de al-Jazira en Siria. Activistas locales de la localidad de &hellip;<\/p>\n","protected":false},"author":32,"featured_media":198606,"comment_status":"closed","ping_status":"closed","sticky":false,"template":"","format":"standard","meta":{"footnotes":""},"categories":[477,447,597,476,7541],"tags":[],"class_list":["post-198605","post","type-post","status-publish","format-standard","has-post-thumbnail","","category-noticias-edulcorantes","category-local-politica","category-cinta-de-noticias","category-locales","category-ultimas-noticias"],"_links":{"self":[{"href":"https:\/\/archive.sana.sy\/es\/index.php?rest_route=\/wp\/v2\/posts\/198605"}],"collection":[{"href":"https:\/\/archive.sana.sy\/es\/index.php?rest_route=\/wp\/v2\/posts"}],"about":[{"href":"https:\/\/archive.sana.sy\/es\/index.php?rest_route=\/wp\/v2\/types\/post"}],"author":[{"embeddable":true,"href":"https:\/\/archive.sana.sy\/es\/index.php?rest_route=\/wp\/v2\/users\/32"}],"replies":[{"embeddable":true,"href":"https:\/\/archive.sana.sy\/es\/index.php?rest_route=%2Fwp%2Fv2%2Fcomments&post=198605"}],"version-history":[{"count":0,"href":"https:\/\/archive.sana.sy\/es\/index.php?rest_route=\/wp\/v2\/posts\/198605\/revisions"}],"wp:featuredmedia":[{"embeddable":true,"href":"https:\/\/archive.sana.sy\/es\/index.php?rest_route=\/wp\/v2\/media\/198606"}],"wp:attachment":[{"href":"https:\/\/archive.sana.sy\/es\/index.php?rest_route=%2Fwp%2Fv2%2Fmedia&parent=198605"}],"wp:term":[{"taxonomy":"category","embeddable":true,"href":"https:\/\/archive.sana.sy\/es\/index.php?rest_route=%2Fwp%2Fv2%2Fcategories&post=198605"},{"taxonomy":"post_tag","embeddable":true,"href":"https:\/\/archive.sana.sy\/es\/index.php?rest_route=%2Fwp%2Fv2%2Ftags&post=198605"}],"curies":[{"name":"wp","href":"https:\/\/api.w.org\/{rel}","templated":true}]}}