{"id":198608,"date":"2021-09-27T13:01:49","date_gmt":"2021-09-27T10:01:49","guid":{"rendered":"http:\/\/107.6.182.27\/es\/?p=198608"},"modified":"2021-09-27T13:59:12","modified_gmt":"2021-09-27T10:59:12","slug":"ministerio-del-interior-de-jordania-anuncia-la-reapertura-de-las-fronteras-con-siria-a-partir-del-proximo-miercoles-con-el-objetivo-de-reactivar-el-movimiento-comercial-y-turistico-entre-los-dos-pais","status":"publish","type":"post","link":"https:\/\/archive.sana.sy\/es\/?p=198608","title":{"rendered":"Ministerio del Interior de Jordania anuncia la reapertura de las fronteras con Siria a partir del pr\u00f3ximo mi\u00e9rcoles, con el objetivo de reactivar el movimiento comercial y tur\u00edstico entre los dos pa\u00edses hermanos."},"content":{"rendered":"","protected":false},"excerpt":{"rendered":"","protected":false},"author":32,"featured_media":0,"comment_status":"closed","ping_status":"closed","sticky":false,"template":"","format":"standard","meta":{"footnotes":""},"categories":[1],"tags":[],"class_list":["post-198608","post","type-post","status-publish","format-standard","","category-news-not-sorted"],"_links":{"self":[{"href":"https:\/\/archive.sana.sy\/es\/index.php?rest_route=\/wp\/v2\/posts\/198608"}],"collection":[{"href":"https:\/\/archive.sana.sy\/es\/index.php?rest_route=\/wp\/v2\/posts"}],"about":[{"href":"https:\/\/archive.sana.sy\/es\/index.php?rest_route=\/wp\/v2\/types\/post"}],"author":[{"embeddable":true,"href":"https:\/\/archive.sana.sy\/es\/index.php?rest_route=\/wp\/v2\/users\/32"}],"replies":[{"embeddable":true,"href":"https:\/\/archive.sana.sy\/es\/index.php?rest_route=%2Fwp%2Fv2%2Fcomments&post=198608"}],"version-history":[{"count":0,"href":"https:\/\/archive.sana.sy\/es\/index.php?rest_route=\/wp\/v2\/posts\/198608\/revisions"}],"wp:attachment":[{"href":"https:\/\/archive.sana.sy\/es\/index.php?rest_route=%2Fwp%2Fv2%2Fmedia&parent=198608"}],"wp:term":[{"taxonomy":"category","embeddable":true,"href":"https:\/\/archive.sana.sy\/es\/index.php?rest_route=%2Fwp%2Fv2%2Fcategories&post=198608"},{"taxonomy":"post_tag","embeddable":true,"href":"https:\/\/archive.sana.sy\/es\/index.php?rest_route=%2Fwp%2Fv2%2Ftags&post=198608"}],"curies":[{"name":"wp","href":"https:\/\/api.w.org\/{rel}","templated":true}]}}