{"id":198613,"date":"2021-09-27T12:07:15","date_gmt":"2021-09-27T09:07:15","guid":{"rendered":"http:\/\/107.6.182.27\/es\/?p=198613"},"modified":"2023-01-09T14:05:09","modified_gmt":"2023-01-09T12:05:09","slug":"mujer-embarazada-infectada-con-covid-19-dio-a-luz-un-bebe-sano-en-homs","status":"publish","type":"post","link":"https:\/\/archive.sana.sy\/es\/?p=198613","title":{"rendered":"Mujer embarazada infectada con Covid-19 dio a luz un beb\u00e9 sano en Homs"},"content":{"rendered":"<p style=\"text-align: justify;\"><strong><span style=\"color: #800000;\">Homs\/SANA<\/span><\/strong><\/p>\n<p style=\"text-align: justify;\">Los m\u00e9dicos del hospital al-Basel en la provincia de Homs realizaron por primera vez una ces\u00e1rea a una mujer infectada con el nuevo Coronavirus, y dio a luz un beb\u00e9 sano no contagioso con este virus.<\/p>\n<p style=\"text-align: justify;\">El director del hospital, Ali Jabr, dijo a SANA que la mujer de 27 a\u00f1os trabajaba como partera en el hospital y dio positivo a la Covid-19, el d\u00eda 23 de septiembre.<\/p>\n<p style=\"text-align: justify;\">Despu\u00e9s de realizar las pruebas necesarias, la mujer se someti\u00f3 a una ces\u00e1rea de emergencia el viernes pasado y el reci\u00e9n nacido fue puesto en la incubadora para mejorar su estado de salud.<\/p>\n<p style=\"text-align: justify;\">La mujer se est\u00e1 recuperando paulatinamente y est\u00e1 bajo supervisi\u00f3n del personal m\u00e9dico especializado en casos de nuevo Coronavirus.<\/p>\n<p style=\"text-align: justify;\"><strong><span style=\"color: #0000ff;\">ed\/fm<\/span><\/strong><\/p>\n","protected":false},"excerpt":{"rendered":"<p>Homs\/SANA Los m\u00e9dicos del hospital al-Basel en la provincia de Homs realizaron por primera vez una ces\u00e1rea a una mujer infectada con el nuevo Coronavirus, y dio a luz un beb\u00e9 sano no contagioso con este virus. El director del hospital, Ali Jabr, dijo a SANA que la mujer de 27 a\u00f1os trabajaba como partera &hellip;<\/p>\n","protected":false},"author":32,"featured_media":198614,"comment_status":"closed","ping_status":"closed","sticky":false,"template":"","format":"standard","meta":{"footnotes":""},"categories":[447,477,597,476,7541],"tags":[],"class_list":["post-198613","post","type-post","status-publish","format-standard","has-post-thumbnail","","category-local-politica","category-noticias-edulcorantes","category-cinta-de-noticias","category-locales","category-ultimas-noticias"],"_links":{"self":[{"href":"https:\/\/archive.sana.sy\/es\/index.php?rest_route=\/wp\/v2\/posts\/198613"}],"collection":[{"href":"https:\/\/archive.sana.sy\/es\/index.php?rest_route=\/wp\/v2\/posts"}],"about":[{"href":"https:\/\/archive.sana.sy\/es\/index.php?rest_route=\/wp\/v2\/types\/post"}],"author":[{"embeddable":true,"href":"https:\/\/archive.sana.sy\/es\/index.php?rest_route=\/wp\/v2\/users\/32"}],"replies":[{"embeddable":true,"href":"https:\/\/archive.sana.sy\/es\/index.php?rest_route=%2Fwp%2Fv2%2Fcomments&post=198613"}],"version-history":[{"count":0,"href":"https:\/\/archive.sana.sy\/es\/index.php?rest_route=\/wp\/v2\/posts\/198613\/revisions"}],"wp:featuredmedia":[{"embeddable":true,"href":"https:\/\/archive.sana.sy\/es\/index.php?rest_route=\/wp\/v2\/media\/198614"}],"wp:attachment":[{"href":"https:\/\/archive.sana.sy\/es\/index.php?rest_route=%2Fwp%2Fv2%2Fmedia&parent=198613"}],"wp:term":[{"taxonomy":"category","embeddable":true,"href":"https:\/\/archive.sana.sy\/es\/index.php?rest_route=%2Fwp%2Fv2%2Fcategories&post=198613"},{"taxonomy":"post_tag","embeddable":true,"href":"https:\/\/archive.sana.sy\/es\/index.php?rest_route=%2Fwp%2Fv2%2Ftags&post=198613"}],"curies":[{"name":"wp","href":"https:\/\/api.w.org\/{rel}","templated":true}]}}