{"id":198616,"date":"2021-09-27T15:03:18","date_gmt":"2021-09-27T12:03:18","guid":{"rendered":"http:\/\/107.6.182.27\/es\/?p=198616"},"modified":"2023-01-10T15:13:44","modified_gmt":"2023-01-10T13:13:44","slug":"equipo-sirio-libanes-comienza-obras-de-mantenimiento-en-el-gasoducto-arabe","status":"publish","type":"post","link":"https:\/\/archive.sana.sy\/es\/?p=198616","title":{"rendered":"Equipo sirio-liban\u00e9s comienza obras de mantenimiento del gasoducto \u00e1rabe"},"content":{"rendered":"<p style=\"text-align: justify;\"><strong><span style=\"color: #800000;\">Damasco, SANA<\/span><\/strong><\/p>\n<p style=\"text-align: justify;\">Un equipo t\u00e9cnico conjunto del Ministerio de Petr\u00f3leo y Recursos Minerales de Siria y de su contraparte liban\u00e9s, comenz\u00f3 a evaluar el estado del Gasoducto \u00c1rabe que se extiende desde la estaci\u00f3n Dabousiya en la frontera sirio-libanesa, hasta la estaci\u00f3n de Deir Ammar en el L\u00edbano.<\/p>\n<p style=\"text-align: justify;\">Por medio de un comunicado, el ministerio sirio inform\u00f3 que se espera que el equipo complete su trabajo y publique su informe sobre la capacidad t\u00e9cnica del gasoducto en el lado liban\u00e9s.<\/p>\n<p style=\"text-align: justify;\">Es de se\u00f1alar que los ministros de Petr\u00f3leo y Energ\u00eda de Siria, Jordania, Egipto y L\u00edbano llegaron a un acuerdo durante una reuni\u00f3n celebrada el 8 de este mes, en la capital jordana, Amm\u00e1n, sobre una hoja de ruta para el suministro de gas egipcio al L\u00edbano.<\/p>\n<p style=\"text-align: justify;\"><strong><span style=\"color: #0000ff;\">ed\/mm\/fm<\/span><\/strong><\/p>\n","protected":false},"excerpt":{"rendered":"<p>Damasco, SANA Un equipo t\u00e9cnico conjunto del Ministerio de Petr\u00f3leo y Recursos Minerales de Siria y de su contraparte liban\u00e9s, comenz\u00f3 a evaluar el estado del Gasoducto \u00c1rabe que se extiende desde la estaci\u00f3n Dabousiya en la frontera sirio-libanesa, hasta la estaci\u00f3n de Deir Ammar en el L\u00edbano. Por medio de un comunicado, el ministerio &hellip;<\/p>\n","protected":false},"author":32,"featured_media":198617,"comment_status":"closed","ping_status":"closed","sticky":false,"template":"","format":"standard","meta":{"footnotes":""},"categories":[597,485,476,7541],"tags":[],"class_list":["post-198616","post","type-post","status-publish","format-standard","has-post-thumbnail","","category-cinta-de-noticias","category-informes-negocios-y-finanzas","category-locales","category-ultimas-noticias"],"_links":{"self":[{"href":"https:\/\/archive.sana.sy\/es\/index.php?rest_route=\/wp\/v2\/posts\/198616"}],"collection":[{"href":"https:\/\/archive.sana.sy\/es\/index.php?rest_route=\/wp\/v2\/posts"}],"about":[{"href":"https:\/\/archive.sana.sy\/es\/index.php?rest_route=\/wp\/v2\/types\/post"}],"author":[{"embeddable":true,"href":"https:\/\/archive.sana.sy\/es\/index.php?rest_route=\/wp\/v2\/users\/32"}],"replies":[{"embeddable":true,"href":"https:\/\/archive.sana.sy\/es\/index.php?rest_route=%2Fwp%2Fv2%2Fcomments&post=198616"}],"version-history":[{"count":0,"href":"https:\/\/archive.sana.sy\/es\/index.php?rest_route=\/wp\/v2\/posts\/198616\/revisions"}],"wp:featuredmedia":[{"embeddable":true,"href":"https:\/\/archive.sana.sy\/es\/index.php?rest_route=\/wp\/v2\/media\/198617"}],"wp:attachment":[{"href":"https:\/\/archive.sana.sy\/es\/index.php?rest_route=%2Fwp%2Fv2%2Fmedia&parent=198616"}],"wp:term":[{"taxonomy":"category","embeddable":true,"href":"https:\/\/archive.sana.sy\/es\/index.php?rest_route=%2Fwp%2Fv2%2Fcategories&post=198616"},{"taxonomy":"post_tag","embeddable":true,"href":"https:\/\/archive.sana.sy\/es\/index.php?rest_route=%2Fwp%2Fv2%2Ftags&post=198616"}],"curies":[{"name":"wp","href":"https:\/\/api.w.org\/{rel}","templated":true}]}}