{"id":198628,"date":"2021-09-27T15:01:41","date_gmt":"2021-09-27T12:01:41","guid":{"rendered":"http:\/\/107.6.182.27\/es\/?p=198628"},"modified":"2021-09-27T15:20:58","modified_gmt":"2021-09-27T12:20:58","slug":"jordania-reabrira-el-cruce-fronterizo-de-jaber-nassib-con-siria","status":"publish","type":"post","link":"https:\/\/archive.sana.sy\/es\/?p=198628","title":{"rendered":"Jordania reabrir\u00e1 el cruce fronterizo de Jaber-Nassib con Siria"},"content":{"rendered":"<p style=\"text-align: justify;\"><strong><span style=\"color: #800000;\">Amman, SANA<\/span><\/strong><\/p>\n<p style=\"text-align: justify;\">El Ministerio del Interior de Jordania anunci\u00f3 que el cruce fronterizo Nassib-Jaber entre Siria y Jordania se reabrir\u00e1 el pr\u00f3ximo mi\u00e9rcoles, de acuerdo con los procedimientos t\u00e9cnicos y log\u00edsticos para reabrirlo al tr\u00e1fico de mercanc\u00edas y viajeros.<\/p>\n<p style=\"text-align: justify;\">El Ministerio jordano detall\u00f3 en un comunicado de prensa que la decisi\u00f3n de reabrir el cruce, antes mencionado, tiene como objetivo revitalizar el movimiento comercial y tur\u00edstico entre los dos pa\u00edses hermanos.<\/p>\n<p style=\"text-align: justify;\">Cabe destacar que el cruce de Nassib-Jaber se abri\u00f3 a fines de 2018 para pasajeros y camiones.<\/p>\n<p style=\"text-align: justify;\"><strong><span style=\"color: #0000ff;\">ed\/mm<\/span><\/strong><\/p>\n","protected":false},"excerpt":{"rendered":"<p>Amman, SANA El Ministerio del Interior de Jordania anunci\u00f3 que el cruce fronterizo Nassib-Jaber entre Siria y Jordania se reabrir\u00e1 el pr\u00f3ximo mi\u00e9rcoles, de acuerdo con los procedimientos t\u00e9cnicos y log\u00edsticos para reabrirlo al tr\u00e1fico de mercanc\u00edas y viajeros. El Ministerio jordano detall\u00f3 en un comunicado de prensa que la decisi\u00f3n de reabrir el cruce, &hellip;<\/p>\n","protected":false},"author":32,"featured_media":198630,"comment_status":"closed","ping_status":"closed","sticky":false,"template":"","format":"standard","meta":{"footnotes":""},"categories":[597,467,7541],"tags":[],"class_list":["post-198628","post","type-post","status-publish","format-standard","has-post-thumbnail","","category-cinta-de-noticias","category-siria-y-el-mundo","category-ultimas-noticias"],"_links":{"self":[{"href":"https:\/\/archive.sana.sy\/es\/index.php?rest_route=\/wp\/v2\/posts\/198628"}],"collection":[{"href":"https:\/\/archive.sana.sy\/es\/index.php?rest_route=\/wp\/v2\/posts"}],"about":[{"href":"https:\/\/archive.sana.sy\/es\/index.php?rest_route=\/wp\/v2\/types\/post"}],"author":[{"embeddable":true,"href":"https:\/\/archive.sana.sy\/es\/index.php?rest_route=\/wp\/v2\/users\/32"}],"replies":[{"embeddable":true,"href":"https:\/\/archive.sana.sy\/es\/index.php?rest_route=%2Fwp%2Fv2%2Fcomments&post=198628"}],"version-history":[{"count":0,"href":"https:\/\/archive.sana.sy\/es\/index.php?rest_route=\/wp\/v2\/posts\/198628\/revisions"}],"wp:featuredmedia":[{"embeddable":true,"href":"https:\/\/archive.sana.sy\/es\/index.php?rest_route=\/wp\/v2\/media\/198630"}],"wp:attachment":[{"href":"https:\/\/archive.sana.sy\/es\/index.php?rest_route=%2Fwp%2Fv2%2Fmedia&parent=198628"}],"wp:term":[{"taxonomy":"category","embeddable":true,"href":"https:\/\/archive.sana.sy\/es\/index.php?rest_route=%2Fwp%2Fv2%2Fcategories&post=198628"},{"taxonomy":"post_tag","embeddable":true,"href":"https:\/\/archive.sana.sy\/es\/index.php?rest_route=%2Fwp%2Fv2%2Ftags&post=198628"}],"curies":[{"name":"wp","href":"https:\/\/api.w.org\/{rel}","templated":true}]}}