{"id":198643,"date":"2021-09-27T16:59:23","date_gmt":"2021-09-27T13:59:23","guid":{"rendered":"http:\/\/107.6.182.27\/es\/?p=198643"},"modified":"2021-09-27T18:26:38","modified_gmt":"2021-09-27T15:26:38","slug":"conversaciones-ruso-jordanas-sobre-siria-y-la-lucha-contra-el-terrorismo","status":"publish","type":"post","link":"https:\/\/archive.sana.sy\/es\/?p=198643","title":{"rendered":"Conversaciones ruso-jordanas sobre Siria y la lucha contra el terrorismo"},"content":{"rendered":"<p><span style=\"color: #993300;\"><strong>Mosc\u00fa, SANA<\/strong><\/span><\/p>\n<p style=\"text-align: justify;\">El Representante Especial del Presidente de Rusia para Oriente Medio y Asuntos Africanos, viceministro de Relaciones Exteriores, Mikhail Bogdanov, se reuni\u00f3 con el embajador de Jordania en Rusia, Khaled al Shawabkeh.<\/p>\n<p style=\"text-align: justify;\">De acuerdo con un comunicado emitido por la Cancilleria de Rusia, la reuni\u00f3n abord\u00f3 el desarrollo de la situaci\u00f3n en y alrededor de Siria, adem\u00e1s de la coordinaci\u00f3n sobre el terreno en la lucha contra el terrorismo.<\/p>\n<p style=\"text-align: justify;\">Seg\u00fan la nota oficial, ambas partes examinaron las perspectivas de resolver la causa palestina, adem\u00e1s de la cooperaci\u00f3n multifac\u00e9tica ruso-jordana.<\/p>\n<p style=\"text-align: justify;\"><span style=\"color: #0000ff;\"><strong>mm<\/strong><\/span><\/p>\n","protected":false},"excerpt":{"rendered":"<p>Mosc\u00fa, SANA El Representante Especial del Presidente de Rusia para Oriente Medio y Asuntos Africanos, viceministro de Relaciones Exteriores, Mikhail Bogdanov, se reuni\u00f3 con el embajador de Jordania en Rusia, Khaled al Shawabkeh. De acuerdo con un comunicado emitido por la Cancilleria de Rusia, la reuni\u00f3n abord\u00f3 el desarrollo de la situaci\u00f3n en y alrededor &hellip;<\/p>\n","protected":false},"author":36,"featured_media":198644,"comment_status":"closed","ping_status":"closed","sticky":false,"template":"","format":"standard","meta":{"footnotes":""},"categories":[597,467],"tags":[],"class_list":["post-198643","post","type-post","status-publish","format-standard","has-post-thumbnail","","category-cinta-de-noticias","category-siria-y-el-mundo"],"_links":{"self":[{"href":"https:\/\/archive.sana.sy\/es\/index.php?rest_route=\/wp\/v2\/posts\/198643"}],"collection":[{"href":"https:\/\/archive.sana.sy\/es\/index.php?rest_route=\/wp\/v2\/posts"}],"about":[{"href":"https:\/\/archive.sana.sy\/es\/index.php?rest_route=\/wp\/v2\/types\/post"}],"author":[{"embeddable":true,"href":"https:\/\/archive.sana.sy\/es\/index.php?rest_route=\/wp\/v2\/users\/36"}],"replies":[{"embeddable":true,"href":"https:\/\/archive.sana.sy\/es\/index.php?rest_route=%2Fwp%2Fv2%2Fcomments&post=198643"}],"version-history":[{"count":0,"href":"https:\/\/archive.sana.sy\/es\/index.php?rest_route=\/wp\/v2\/posts\/198643\/revisions"}],"wp:featuredmedia":[{"embeddable":true,"href":"https:\/\/archive.sana.sy\/es\/index.php?rest_route=\/wp\/v2\/media\/198644"}],"wp:attachment":[{"href":"https:\/\/archive.sana.sy\/es\/index.php?rest_route=%2Fwp%2Fv2%2Fmedia&parent=198643"}],"wp:term":[{"taxonomy":"category","embeddable":true,"href":"https:\/\/archive.sana.sy\/es\/index.php?rest_route=%2Fwp%2Fv2%2Fcategories&post=198643"},{"taxonomy":"post_tag","embeddable":true,"href":"https:\/\/archive.sana.sy\/es\/index.php?rest_route=%2Fwp%2Fv2%2Ftags&post=198643"}],"curies":[{"name":"wp","href":"https:\/\/api.w.org\/{rel}","templated":true}]}}