{"id":198783,"date":"2021-09-27T16:35:29","date_gmt":"2021-09-27T13:35:29","guid":{"rendered":"http:\/\/107.6.182.27\/es\/?p=198783"},"modified":"2023-01-10T15:13:44","modified_gmt":"2023-01-10T13:13:44","slug":"siria-triplica-su-produccion-de-miel","status":"publish","type":"post","link":"https:\/\/archive.sana.sy\/es\/?p=198783","title":{"rendered":"Siria triplica su producci\u00f3n de miel"},"content":{"rendered":"<p><span style=\"color: #800000;\">Damasco, SANA<\/span><\/p>\n<p style=\"text-align: justify;\">La jefa del Departamento de Apicultura del Ministerio de Agricultura, Lama Hallaq, afirm\u00f3 que la producci\u00f3n de miel esta temporada fue tres veces m\u00e1s abundante que la temporada pasada, y ascendi\u00f3 a casi 5.000 toneladas.<\/p>\n<p style=\"text-align: justify;\">Hallaq se\u00f1al\u00f3 que prolongar el per\u00edodo de autorizaci\u00f3n para la importaci\u00f3n de abejas y varios productos de la colmena, y suministros ap\u00edcolas, permitir\u00e1 compensar el d\u00e9ficit, desarrollar el sector ap\u00edcola y lograr mejores ingresos para los apicultores.<\/p>\n<p style=\"text-align: justify;\">El Primer Ministro, Hussein Arnous, hab\u00eda aceptado la recomendaci\u00f3n del Comit\u00e9 Econ\u00f3mico de extender el per\u00edodo de permitir a todos los importadores importar abejas y todos los requisitos de apicultura hasta el 30 de junio de 2022.<\/p>\n<p><span style=\"color: #0000ff;\">fm\/rr<\/span><\/p>\n","protected":false},"excerpt":{"rendered":"<p>Damasco, SANA La jefa del Departamento de Apicultura del Ministerio de Agricultura, Lama Hallaq, afirm\u00f3 que la producci\u00f3n de miel esta temporada fue tres veces m\u00e1s abundante que la temporada pasada, y ascendi\u00f3 a casi 5.000 toneladas. Hallaq se\u00f1al\u00f3 que prolongar el per\u00edodo de autorizaci\u00f3n para la importaci\u00f3n de abejas y varios productos de la &hellip;<\/p>\n","protected":false},"author":31,"featured_media":198784,"comment_status":"closed","ping_status":"closed","sticky":false,"template":"","format":"standard","meta":{"footnotes":""},"categories":[597,16686,485,476,7541],"tags":[],"class_list":["post-198783","post","type-post","status-publish","format-standard","has-post-thumbnail","","category-cinta-de-noticias","category-economia","category-informes-negocios-y-finanzas","category-locales","category-ultimas-noticias"],"_links":{"self":[{"href":"https:\/\/archive.sana.sy\/es\/index.php?rest_route=\/wp\/v2\/posts\/198783"}],"collection":[{"href":"https:\/\/archive.sana.sy\/es\/index.php?rest_route=\/wp\/v2\/posts"}],"about":[{"href":"https:\/\/archive.sana.sy\/es\/index.php?rest_route=\/wp\/v2\/types\/post"}],"author":[{"embeddable":true,"href":"https:\/\/archive.sana.sy\/es\/index.php?rest_route=\/wp\/v2\/users\/31"}],"replies":[{"embeddable":true,"href":"https:\/\/archive.sana.sy\/es\/index.php?rest_route=%2Fwp%2Fv2%2Fcomments&post=198783"}],"version-history":[{"count":0,"href":"https:\/\/archive.sana.sy\/es\/index.php?rest_route=\/wp\/v2\/posts\/198783\/revisions"}],"wp:featuredmedia":[{"embeddable":true,"href":"https:\/\/archive.sana.sy\/es\/index.php?rest_route=\/wp\/v2\/media\/198784"}],"wp:attachment":[{"href":"https:\/\/archive.sana.sy\/es\/index.php?rest_route=%2Fwp%2Fv2%2Fmedia&parent=198783"}],"wp:term":[{"taxonomy":"category","embeddable":true,"href":"https:\/\/archive.sana.sy\/es\/index.php?rest_route=%2Fwp%2Fv2%2Fcategories&post=198783"},{"taxonomy":"post_tag","embeddable":true,"href":"https:\/\/archive.sana.sy\/es\/index.php?rest_route=%2Fwp%2Fv2%2Ftags&post=198783"}],"curies":[{"name":"wp","href":"https:\/\/api.w.org\/{rel}","templated":true}]}}