{"id":199033,"date":"2021-09-29T06:18:48","date_gmt":"2021-09-29T03:18:48","guid":{"rendered":"http:\/\/107.6.182.27\/es\/?p=199033"},"modified":"2021-09-29T08:26:51","modified_gmt":"2021-09-29T05:26:51","slug":"iran-insta-de-nuevo-a-levantar-las-injustas-sanciones-impuestas-a-siria","status":"publish","type":"post","link":"https:\/\/archive.sana.sy\/es\/?p=199033","title":{"rendered":"Ir\u00e1n insta de nuevo a levantar las injustas sanciones impuestas a Siria"},"content":{"rendered":"<p style=\"text-align: justify;\"><span style=\"color: #800000;\"><strong>Teher\u00e1n, 29 sep (SANA)<\/strong><\/span><\/p>\n<p style=\"text-align: justify;\">Ir\u00e1n reiter\u00f3 su llamado para levantar las injustas sanciones impuestas al pueblo sirio, brindarle ayuda humanitaria y allanar el camino para el regreso de los refugiados sirios a su tierra natal.<\/p>\n<p style=\"text-align: justify;\">Esta postura fue anunciada por el Asesor Principal del Ministro de Exteriores de Ir\u00e1n para Asuntos Pol\u00edticos Especiales, Ali Asghar Khaji, durante conversaciones telef\u00f3nicas con la Enviada Especial del Ministerio de Exteriores de Noruega para Irak y Siria (Hilda Haraldstadt).<\/p>\n<p style=\"text-align: justify;\">Agreg\u00f3 que las sanciones impuestas a Siria y la politizaci\u00f3n de la ayuda humanitaria contribuy\u00f3 a agudizar la dif\u00edcil situaci\u00f3n del pueblo sirio.<\/p>\n<p style=\"text-align: justify;\">Por su parte, Haraldstat expres\u00f3 su agradecimiento por los esfuerzos de Ir\u00e1n para lograr una soluci\u00f3n pol\u00edtica a la crisis en Siria, especialmente en el marco del proceso de Astan\u00e1.<\/p>\n<p style=\"text-align: justify;\">Dijo que Noruega, dada su membres\u00eda no permanente en el Consejo de Seguridad de la ONU, otorga gran importancia a ese asunto.<\/p>\n<p style=\"text-align: justify;\">En estas conversaciones, las dos partes enfatizaron la necesidad de continuar combatiendo el terrorismo en Siria y la regi\u00f3n en su conjunto.<\/p>\n<p style=\"text-align: justify;\"><span style=\"color: #0000ff;\"><strong>fm<\/strong><\/span><\/p>\n","protected":false},"excerpt":{"rendered":"<p>Teher\u00e1n, 29 sep (SANA) Ir\u00e1n reiter\u00f3 su llamado para levantar las injustas sanciones impuestas al pueblo sirio, brindarle ayuda humanitaria y allanar el camino para el regreso de los refugiados sirios a su tierra natal. Esta postura fue anunciada por el Asesor Principal del Ministro de Exteriores de Ir\u00e1n para Asuntos Pol\u00edticos Especiales, Ali Asghar &hellip;<\/p>\n","protected":false},"author":34,"featured_media":199038,"comment_status":"closed","ping_status":"closed","sticky":false,"template":"","format":"standard","meta":{"footnotes":""},"categories":[597,476,467,7541],"tags":[],"class_list":["post-199033","post","type-post","status-publish","format-standard","has-post-thumbnail","","category-cinta-de-noticias","category-locales","category-siria-y-el-mundo","category-ultimas-noticias"],"_links":{"self":[{"href":"https:\/\/archive.sana.sy\/es\/index.php?rest_route=\/wp\/v2\/posts\/199033"}],"collection":[{"href":"https:\/\/archive.sana.sy\/es\/index.php?rest_route=\/wp\/v2\/posts"}],"about":[{"href":"https:\/\/archive.sana.sy\/es\/index.php?rest_route=\/wp\/v2\/types\/post"}],"author":[{"embeddable":true,"href":"https:\/\/archive.sana.sy\/es\/index.php?rest_route=\/wp\/v2\/users\/34"}],"replies":[{"embeddable":true,"href":"https:\/\/archive.sana.sy\/es\/index.php?rest_route=%2Fwp%2Fv2%2Fcomments&post=199033"}],"version-history":[{"count":0,"href":"https:\/\/archive.sana.sy\/es\/index.php?rest_route=\/wp\/v2\/posts\/199033\/revisions"}],"wp:featuredmedia":[{"embeddable":true,"href":"https:\/\/archive.sana.sy\/es\/index.php?rest_route=\/wp\/v2\/media\/199038"}],"wp:attachment":[{"href":"https:\/\/archive.sana.sy\/es\/index.php?rest_route=%2Fwp%2Fv2%2Fmedia&parent=199033"}],"wp:term":[{"taxonomy":"category","embeddable":true,"href":"https:\/\/archive.sana.sy\/es\/index.php?rest_route=%2Fwp%2Fv2%2Fcategories&post=199033"},{"taxonomy":"post_tag","embeddable":true,"href":"https:\/\/archive.sana.sy\/es\/index.php?rest_route=%2Fwp%2Fv2%2Ftags&post=199033"}],"curies":[{"name":"wp","href":"https:\/\/api.w.org\/{rel}","templated":true}]}}